{"id":33678,"date":"2021-11-01T17:28:51","date_gmt":"2021-11-01T17:28:51","guid":{"rendered":"http:\/\/noticiastelered.com\/PortalDNoticias\/?p=33678"},"modified":"2021-11-01T17:28:56","modified_gmt":"2021-11-01T17:28:56","slug":"puertas-abiertas-para-los-artistas-locales","status":"publish","type":"post","link":"http:\/\/noticiastelered.com\/PortalDNoticias\/puertas-abiertas-para-los-artistas-locales\/","title":{"rendered":"PUERTAS ABIERTAS PARA LOS ARTISTAS LOCALES"},"content":{"rendered":"\n<p><strong>Redacci\u00f3n<\/strong><\/p>\n\n\n\n<p>Noticias Telered<\/p>\n\n\n\n<p><strong>NUEVO LAREDO, TAMAULIPAS.- <\/strong><\/p>\n\n\n\n<p>La Direcci\u00f3n de Arte y Cultura sostuvo una reuni\u00f3n con varios colectivos de artistas pl\u00e1sticos de Nuevo Laredo; Marcos Rodr\u00edguez Leija, como titular del \u00e1rea, les dio a conocer los programas a los que tendr\u00e1n alcance y les reiter\u00f3 que el gobierno que preside Carmen Lilia Canturosas es y ser\u00e1 siempre de puertas abiertas para ellos y para toda la comunidad art\u00edstica.<\/p>\n\n\n\n<p>El encuentro tuvo lugar en &#8220;Estaci\u00f3n Palabra Gabriel Garc\u00eda M\u00e1rquez&#8221;, donde tambi\u00e9n estuvieron la coordinadora de espacios culturales, Bibi Z\u00e1rate y el tallerista del museo &#8220;Reyes Meza&#8221;, Israel de la Cruz.<\/p>\n\n\n\n<p>El objetivo fue darles a conocer las \u00e1reas de oportunidad que el gobierno municipal tiene para cada uno de ellos, adem\u00e1s de escucharlos y programar la recepci\u00f3n de propuestas viables para su desarrollo en el a\u00f1o en curso y en el 2022.<\/p>\n\n\n\n<p>Entre las acciones que la Direcci\u00f3n de Arte y Cultura emprender\u00e1 gradualmente para los artistas pl\u00e1sticos est\u00e1n el rescate del programa &#8220;Pinturas vivientes&#8221;, adem\u00e1s de una nueva modalidad extramuros y la apertura de nuevos espacios para dar a conocer sus obras por primera vez en las colonias de la periferia.<\/p>\n\n\n\n<p>Tambi\u00e9n se abre para ellos la oportunidad de montar exposiciones fuera del territorio nacional en el 2022, as\u00ed como la recuperaci\u00f3n del &#8220;Jard\u00edn del arte&#8221; con una nueva modalidad y la oportunidad de vender y subastar sus obras, entre otras acciones.<\/p>\n\n\n\n<p>&#8220;Para el gobierno que preside Carmen Lilia Canturosas su trabajo es de gran valor para la reconstrucci\u00f3n del tejido social, por ello vamos a trabajar juntos. Nuestro objetivo como nueva administraci\u00f3n, adem\u00e1s del apoyo y promoci\u00f3n de su obra, es llevar el arte y la cultura a todos los sectores de nuestra ciudad&#8221;, expres\u00f3 Marcos Rodr\u00edguez Leija, director de Arte y Cultura.<\/p>\n\n\n<p><!-- Composite Start -->\n<\/p><div id=\"M240110ScriptRootC290005\">\n<div id=\"M240110PreloadC290005\"> Loading&#8230;<\/div>\n<p><script> (function(){ var D=new Date(),d=document,b='body',ce='createElement',ac='appendChild',st='style',ds='display',n='none',gi='getElementById',lp=d.location.protocol,wp=lp.indexOf('http')==0?lp:'https:'; var i=d[ce]('iframe');i[st][ds]=n;d[gi](\"M240110ScriptRootC290005\")[ac](i);try{var iw=i.contentWindow.document;iw.open();iw.writeln(\"<ht\"+\"ml><bo\"+\"dy><\/bo\"+\"dy><\/ht\"+\"ml>\");iw.close();var c=iw[b];} catch(e){var iw=d;var c=d[gi](\"M240110ScriptRootC290005\");}var dv=iw[ce]('div');dv.id=\"MG_ID\";dv[st][ds]=n;dv.innerHTML=290005;c[ac](dv); var s=iw[ce]('script');s.async='async';s.defer='defer';s.charset='utf-8';s.src=wp+\"\/\/jsc.mgid.com\/n\/o\/noticiastelered.com.290005.js?t=\"+D.getYear()+D.getMonth()+D.getUTCDate()+D.getUTCHours();c[ac](s);})(); <\/script><\/p>\n<\/div>\n<p><!-- Composite End --><\/p>","protected":false},"excerpt":{"rendered":"<p>Redacci\u00f3n Noticias Telered NUEVO LAREDO, TAMAULIPAS.- La Direcci\u00f3n de Arte y Cultura sostuvo una reuni\u00f3n con varios colectivos de artistas pl\u00e1sticos de Nuevo Laredo; Marcos Rodr\u00edguez Leija, como titular del \u00e1rea, les dio a conocer los programas a los que [&hellip;]<\/p>\n","protected":false},"author":6,"featured_media":33680,"comment_status":"open","ping_status":"open","sticky":false,"template":"","format":"standard","meta":[],"categories":[63,59],"tags":[],"_links":{"self":[{"href":"http:\/\/noticiastelered.com\/PortalDNoticias\/wp-json\/wp\/v2\/posts\/33678"}],"collection":[{"href":"http:\/\/noticiastelered.com\/PortalDNoticias\/wp-json\/wp\/v2\/posts"}],"about":[{"href":"http:\/\/noticiastelered.com\/PortalDNoticias\/wp-json\/wp\/v2\/types\/post"}],"author":[{"embeddable":true,"href":"http:\/\/noticiastelered.com\/PortalDNoticias\/wp-json\/wp\/v2\/users\/6"}],"replies":[{"embeddable":true,"href":"http:\/\/noticiastelered.com\/PortalDNoticias\/wp-json\/wp\/v2\/comments?post=33678"}],"version-history":[{"count":1,"href":"http:\/\/noticiastelered.com\/PortalDNoticias\/wp-json\/wp\/v2\/posts\/33678\/revisions"}],"predecessor-version":[{"id":33681,"href":"http:\/\/noticiastelered.com\/PortalDNoticias\/wp-json\/wp\/v2\/posts\/33678\/revisions\/33681"}],"wp:featuredmedia":[{"embeddable":true,"href":"http:\/\/noticiastelered.com\/PortalDNoticias\/wp-json\/wp\/v2\/media\/33680"}],"wp:attachment":[{"href":"http:\/\/noticiastelered.com\/PortalDNoticias\/wp-json\/wp\/v2\/media?parent=33678"}],"wp:term":[{"taxonomy":"category","embeddable":true,"href":"http:\/\/noticiastelered.com\/PortalDNoticias\/wp-json\/wp\/v2\/categories?post=33678"},{"taxonomy":"post_tag","embeddable":true,"href":"http:\/\/noticiastelered.com\/PortalDNoticias\/wp-json\/wp\/v2\/tags?post=33678"}],"curies":[{"name":"wp","href":"https:\/\/api.w.org\/{rel}","templated":true}]}}