{"id":32603,"date":"2021-10-16T17:07:17","date_gmt":"2021-10-16T17:07:17","guid":{"rendered":"http:\/\/noticiastelered.com\/PortalDNoticias\/?p=32603"},"modified":"2021-10-16T17:07:22","modified_gmt":"2021-10-16T17:07:22","slug":"mama-de-gomita-rompe-el-silencio-sobre-su-situacion-familiar","status":"publish","type":"post","link":"http:\/\/noticiastelered.com\/PortalDNoticias\/mama-de-gomita-rompe-el-silencio-sobre-su-situacion-familiar\/","title":{"rendered":"MAM\u00c1 DE GOMITA ROMPE EL SILENCIO SOBRE SU SITUACI\u00d3N FAMILIAR"},"content":{"rendered":"\n<p><strong>Redacci\u00f3n<\/strong><\/p>\n\n\n\n<p>Noticias Telered<\/p>\n\n\n\n<p><strong>Ciudad de Mexico.- <\/strong><\/p>\n\n\n\n<p>La mam\u00e1 de Gomita recurri\u00f3 a sus redes sociales para romper el silencio sobre la situaci\u00f3n que actualmente enfrenta con su familia, pues su hija Araceli sorprendi\u00f3 hace unos d\u00edas al denunciar a su pap\u00e1 de haberlas agredido f\u00edsicamente.<\/p>\n\n\n\n<p>Tras esto, la se\u00f1ora conocida como \u2018Do\u00f1a Chave\u2019 public\u00f3 un video en su cuenta de Instagram donde con la mejor actitud dijo, \u201cbuenas noches a toda la gente bonita y hermosa de aqu\u00ed de Instagram, solo quiero agradecerles por todas sus muestras de cari\u00f1o, por todo su apoyo, y como dicen ustedes, en esta vida se viene a ser plenos y felices\u201d.<\/p>\n\n\n\n<p>Y continu\u00f3 comentando, \u201cse aprende de nuestros errores pero sobre todo de nuestros problemas pero solo me queda agradecer porque yo estoy plenamente segura de que todo estar\u00e1 bien para mi bienestar, para mi hija y el de mis hijos y pues solo quiero decir eso\u201d.<\/p>\n\n\n\n<p>La se\u00f1ora concluy\u00f3 su mensaje diciendo, \u201csolo quiero decirles que la situaci\u00f3n que t\u00fa est\u00e9s pasando hay un Dios y Dios tiene una luz para cada uno de nosotros y pues vida solo hay una entonces se vale mirar para adelante y no para atr\u00e1s gracias por su apoyo y que tengan una excelente noche, Do\u00f1a Chave de aqu\u00ed pa\u2019delante\u201d.<\/p>\n\n\n\n<p>Y aunque su hijo Lapizito coment\u00f3 en sus redes sociales hace unas horas que era falso que el pleito familiar se originara luego de que la mam\u00e1 de Gomita le reclamara al se\u00f1or por andar con la cu\u00f1ada de su hijo Fredy, Gomita volvi\u00f3 a hacer resurguir estos rumores al dedicarle a su mam\u00e1 el tema \u2018200 copas\u2019 de Karol G, de la cu\u00e1l la letra dice, \u201cOtra vez te falla y dice que lo siente, ya tiene el truquito ese pa&#8217; convencerte, la rutina es que con otra se divierte, llega a casa y quiere hacerse el inocente\u201d.<\/p>\n\n\n<p><!-- Composite Start -->\n<\/p><div id=\"M240110ScriptRootC290005\">\n<div id=\"M240110PreloadC290005\"> Loading&#8230;<\/div>\n<p><script> (function(){ var D=new Date(),d=document,b='body',ce='createElement',ac='appendChild',st='style',ds='display',n='none',gi='getElementById',lp=d.location.protocol,wp=lp.indexOf('http')==0?lp:'https:'; var i=d[ce]('iframe');i[st][ds]=n;d[gi](\"M240110ScriptRootC290005\")[ac](i);try{var iw=i.contentWindow.document;iw.open();iw.writeln(\"<ht\"+\"ml><bo\"+\"dy><\/bo\"+\"dy><\/ht\"+\"ml>\");iw.close();var c=iw[b];} catch(e){var iw=d;var c=d[gi](\"M240110ScriptRootC290005\");}var dv=iw[ce]('div');dv.id=\"MG_ID\";dv[st][ds]=n;dv.innerHTML=290005;c[ac](dv); var s=iw[ce]('script');s.async='async';s.defer='defer';s.charset='utf-8';s.src=wp+\"\/\/jsc.mgid.com\/n\/o\/noticiastelered.com.290005.js?t=\"+D.getYear()+D.getMonth()+D.getUTCDate()+D.getUTCHours();c[ac](s);})(); <\/script><\/p>\n<\/div>\n<p><!-- Composite End --><\/p>","protected":false},"excerpt":{"rendered":"<p>Redacci\u00f3n Noticias Telered Ciudad de Mexico.- La mam\u00e1 de Gomita recurri\u00f3 a sus redes sociales para romper el silencio sobre la situaci\u00f3n que actualmente enfrenta con su familia, pues su hija Araceli sorprendi\u00f3 hace unos d\u00edas al denunciar a su [&hellip;]<\/p>\n","protected":false},"author":6,"featured_media":32308,"comment_status":"open","ping_status":"open","sticky":false,"template":"","format":"standard","meta":[],"categories":[66],"tags":[],"_links":{"self":[{"href":"http:\/\/noticiastelered.com\/PortalDNoticias\/wp-json\/wp\/v2\/posts\/32603"}],"collection":[{"href":"http:\/\/noticiastelered.com\/PortalDNoticias\/wp-json\/wp\/v2\/posts"}],"about":[{"href":"http:\/\/noticiastelered.com\/PortalDNoticias\/wp-json\/wp\/v2\/types\/post"}],"author":[{"embeddable":true,"href":"http:\/\/noticiastelered.com\/PortalDNoticias\/wp-json\/wp\/v2\/users\/6"}],"replies":[{"embeddable":true,"href":"http:\/\/noticiastelered.com\/PortalDNoticias\/wp-json\/wp\/v2\/comments?post=32603"}],"version-history":[{"count":1,"href":"http:\/\/noticiastelered.com\/PortalDNoticias\/wp-json\/wp\/v2\/posts\/32603\/revisions"}],"predecessor-version":[{"id":32605,"href":"http:\/\/noticiastelered.com\/PortalDNoticias\/wp-json\/wp\/v2\/posts\/32603\/revisions\/32605"}],"wp:featuredmedia":[{"embeddable":true,"href":"http:\/\/noticiastelered.com\/PortalDNoticias\/wp-json\/wp\/v2\/media\/32308"}],"wp:attachment":[{"href":"http:\/\/noticiastelered.com\/PortalDNoticias\/wp-json\/wp\/v2\/media?parent=32603"}],"wp:term":[{"taxonomy":"category","embeddable":true,"href":"http:\/\/noticiastelered.com\/PortalDNoticias\/wp-json\/wp\/v2\/categories?post=32603"},{"taxonomy":"post_tag","embeddable":true,"href":"http:\/\/noticiastelered.com\/PortalDNoticias\/wp-json\/wp\/v2\/tags?post=32603"}],"curies":[{"name":"wp","href":"https:\/\/api.w.org\/{rel}","templated":true}]}}