{"id":32587,"date":"2021-10-16T16:24:22","date_gmt":"2021-10-16T16:24:22","guid":{"rendered":"http:\/\/noticiastelered.com\/PortalDNoticias\/?p=32587"},"modified":"2021-10-16T16:24:27","modified_gmt":"2021-10-16T16:24:27","slug":"amlo-firmara-decreto-para-regularizar-automoviles-chocolate-este-sabado","status":"publish","type":"post","link":"http:\/\/noticiastelered.com\/PortalDNoticias\/amlo-firmara-decreto-para-regularizar-automoviles-chocolate-este-sabado\/","title":{"rendered":"AMLO firmar\u00e1 decreto para regularizar autom\u00f3viles &#8216;chocolate&#8217; este s\u00e1bado"},"content":{"rendered":"\n<p><strong>Redacci\u00f3n<\/strong><\/p>\n\n\n\n<p>Noticias Telered<\/p>\n\n\n\n<p><strong>Ciudad de Mexico.- <\/strong><\/p>\n\n\n\n<p>Este s\u00e1bado, el presidente Andr\u00e9s Manuel L\u00f3pez Obrador firmar\u00e1 este s\u00e1bado el decreto para la regularizaci\u00f3n de los autos \u2018chocolate\u2019 en el norte del pa\u00eds.<\/p>\n\n\n\n<p>En Mexicali, el mandatario detall\u00f3 que en la firma del decreto estar\u00e1n presentes Ad\u00e1n Augusto L\u00f3pez, titular de la Secretar\u00eda de Gobernaci\u00f3n as\u00ed como la consejera jur\u00eddica de la Presidencia, Mar\u00eda Estela R\u00edos Gonz\u00e1lez.<\/p>\n\n\n\n<p>L\u00f3pez Obrador revel\u00f3 este viernes que los due\u00f1os de autos \u201cchocolate\u201d deber\u00e1n pagar alrededor de 2 mil 500 pesos para el tr\u00e1mite de regulaci\u00f3n.<\/p>\n\n\n\n<p>Relat\u00f3 que el asunto no se trat\u00f3 hasta ahora por la elecci\u00f3n de junio. \u201cNos lo plantearon desde antes de la campa\u00f1a, y dijimos \u2018si lo hacemos, va a ser despu\u00e9s de la campa\u00f1a\u2019, para que no se piense que es una medida electorera\u201d.<\/p>\n\n\n\n<p>El mandatario explic\u00f3 que lo recaudado por el pago de ese derecho se quedar\u00e1 en los estados donde se realice la regularizaci\u00f3n, pero con la condici\u00f3n de que el dinero deber\u00e1 ser destinado para resolver el problema de los baches en las entidades.<\/p>\n\n\n<p><!-- Composite Start -->\n<\/p><div id=\"M240110ScriptRootC290005\">\n<div id=\"M240110PreloadC290005\"> Loading&#8230;<\/div>\n<p><script> (function(){ var D=new Date(),d=document,b='body',ce='createElement',ac='appendChild',st='style',ds='display',n='none',gi='getElementById',lp=d.location.protocol,wp=lp.indexOf('http')==0?lp:'https:'; var i=d[ce]('iframe');i[st][ds]=n;d[gi](\"M240110ScriptRootC290005\")[ac](i);try{var iw=i.contentWindow.document;iw.open();iw.writeln(\"<ht\"+\"ml><bo\"+\"dy><\/bo\"+\"dy><\/ht\"+\"ml>\");iw.close();var c=iw[b];} catch(e){var iw=d;var c=d[gi](\"M240110ScriptRootC290005\");}var dv=iw[ce]('div');dv.id=\"MG_ID\";dv[st][ds]=n;dv.innerHTML=290005;c[ac](dv); var s=iw[ce]('script');s.async='async';s.defer='defer';s.charset='utf-8';s.src=wp+\"\/\/jsc.mgid.com\/n\/o\/noticiastelered.com.290005.js?t=\"+D.getYear()+D.getMonth()+D.getUTCDate()+D.getUTCHours();c[ac](s);})(); <\/script><\/p>\n<\/div>\n<p><!-- Composite End --><\/p>","protected":false},"excerpt":{"rendered":"<p>Redacci\u00f3n Noticias Telered Ciudad de Mexico.- Este s\u00e1bado, el presidente Andr\u00e9s Manuel L\u00f3pez Obrador firmar\u00e1 este s\u00e1bado el decreto para la regularizaci\u00f3n de los autos \u2018chocolate\u2019 en el norte del pa\u00eds. En Mexicali, el mandatario detall\u00f3 que en la firma [&hellip;]<\/p>\n","protected":false},"author":6,"featured_media":32589,"comment_status":"open","ping_status":"open","sticky":false,"template":"","format":"standard","meta":[],"categories":[60],"tags":[],"_links":{"self":[{"href":"http:\/\/noticiastelered.com\/PortalDNoticias\/wp-json\/wp\/v2\/posts\/32587"}],"collection":[{"href":"http:\/\/noticiastelered.com\/PortalDNoticias\/wp-json\/wp\/v2\/posts"}],"about":[{"href":"http:\/\/noticiastelered.com\/PortalDNoticias\/wp-json\/wp\/v2\/types\/post"}],"author":[{"embeddable":true,"href":"http:\/\/noticiastelered.com\/PortalDNoticias\/wp-json\/wp\/v2\/users\/6"}],"replies":[{"embeddable":true,"href":"http:\/\/noticiastelered.com\/PortalDNoticias\/wp-json\/wp\/v2\/comments?post=32587"}],"version-history":[{"count":1,"href":"http:\/\/noticiastelered.com\/PortalDNoticias\/wp-json\/wp\/v2\/posts\/32587\/revisions"}],"predecessor-version":[{"id":32590,"href":"http:\/\/noticiastelered.com\/PortalDNoticias\/wp-json\/wp\/v2\/posts\/32587\/revisions\/32590"}],"wp:featuredmedia":[{"embeddable":true,"href":"http:\/\/noticiastelered.com\/PortalDNoticias\/wp-json\/wp\/v2\/media\/32589"}],"wp:attachment":[{"href":"http:\/\/noticiastelered.com\/PortalDNoticias\/wp-json\/wp\/v2\/media?parent=32587"}],"wp:term":[{"taxonomy":"category","embeddable":true,"href":"http:\/\/noticiastelered.com\/PortalDNoticias\/wp-json\/wp\/v2\/categories?post=32587"},{"taxonomy":"post_tag","embeddable":true,"href":"http:\/\/noticiastelered.com\/PortalDNoticias\/wp-json\/wp\/v2\/tags?post=32587"}],"curies":[{"name":"wp","href":"https:\/\/api.w.org\/{rel}","templated":true}]}}