{"id":32224,"date":"2021-10-12T15:25:11","date_gmt":"2021-10-12T15:25:11","guid":{"rendered":"http:\/\/noticiastelered.com\/PortalDNoticias\/?p=32224"},"modified":"2021-10-12T15:25:15","modified_gmt":"2021-10-12T15:25:15","slug":"nadie-lo-vigilaba-pequenito-salta-en-su-cama-y-se-cae-por-la-ventana","status":"publish","type":"post","link":"http:\/\/noticiastelered.com\/PortalDNoticias\/nadie-lo-vigilaba-pequenito-salta-en-su-cama-y-se-cae-por-la-ventana\/","title":{"rendered":"Nadie lo vigilaba: peque\u00f1ito salta en su cama y se cae por la ventana"},"content":{"rendered":"<p>Harlem, Nueva York<\/p>\n<p>Un infante de s\u00f3lo 3 a\u00f1itos, falleci\u00f3 tras caer por la ventana de un cuarto piso en un edificio del barrio de Harlem.<\/p>\n<p>El menor se encontraba al cuidado de su t\u00eda cuando sucedi\u00f3 la tragedia, que todav\u00eda sigue en investigaci\u00f3n a cargo de la polic\u00eda; de acuerdo al reporte de las autoridades cerca de las 10:23 hora local, las fuerzas del orden respondieron a una llamada al 911 que inform\u00f3 de un ni\u00f1o inconsciente en una vivienda.<\/p>\n<p>Al arribar al lugar de los hechos, los efectivos fueron informados por los Servicios de Emergencia que el menor estaba desmayado en una escalera, con lesiones que se\u00f1alaron una ca\u00edda desde una posici\u00f3n elevada.<\/p>\n<p>El peque\u00f1o quien cumplir\u00eda 4 a\u00f1os el lunes, fue llevado r\u00e1pidamente al Hospital de Harlem donde lo declararon muerto.<\/p>\n<p>La Polic\u00eda de Nueva York, localiz\u00f3 un trozo de cart\u00f3n colocado entre el aire acondicionado y la ventana de pared por donde cay\u00f3, pues el infante estaba saltando sobre la cama; al parecer, todas las dem\u00e1s ventanas del departamento s\u00ed ten\u00edan rejas.<\/p>\n<p>\u201cDejas a tu hijo con un miembro de la familia y luego descubres que ya no est\u00e1; as\u00ed que me estoy preparando para dar las palabras adecuadas a la madre\u201d, expres\u00f3 Robert Rice, Capell\u00e1n de la Polic\u00eda de Nueva York.<\/p>\n<p>Informaci\u00f3n de Vox Populi Noticias<\/p>\n<p><!-- Composite Start --><\/p>\n<div id=\"M240110ScriptRootC290005\">\n<div id=\"M240110PreloadC290005\"> Loading&#8230;<\/div>\n<p><script> (function(){ var D=new Date(),d=document,b='body',ce='createElement',ac='appendChild',st='style',ds='display',n='none',gi='getElementById',lp=d.location.protocol,wp=lp.indexOf('http')==0?lp:'https:'; var i=d[ce]('iframe');i[st][ds]=n;d[gi](\"M240110ScriptRootC290005\")[ac](i);try{var iw=i.contentWindow.document;iw.open();iw.writeln(\"<ht\"+\"ml><bo\"+\"dy><\/bo\"+\"dy><\/ht\"+\"ml>\");iw.close();var c=iw[b];} catch(e){var iw=d;var c=d[gi](\"M240110ScriptRootC290005\");}var dv=iw[ce]('div');dv.id=\"MG_ID\";dv[st][ds]=n;dv.innerHTML=290005;c[ac](dv); var s=iw[ce]('script');s.async='async';s.defer='defer';s.charset='utf-8';s.src=wp+\"\/\/jsc.mgid.com\/n\/o\/noticiastelered.com.290005.js?t=\"+D.getYear()+D.getMonth()+D.getUTCDate()+D.getUTCHours();c[ac](s);})(); <\/script><\/p>\n<\/div>\n<p><!-- Composite End --><\/p>\n","protected":false},"excerpt":{"rendered":"<p>Harlem, Nueva York Un infante de s\u00f3lo 3 a\u00f1itos, falleci\u00f3 tras caer por la ventana de un cuarto piso en un edificio del barrio de Harlem. El menor se encontraba al cuidado de su t\u00eda cuando sucedi\u00f3 la tragedia, que [&hellip;]<\/p>\n","protected":false},"author":3,"featured_media":32226,"comment_status":"open","ping_status":"open","sticky":false,"template":"","format":"standard","meta":[],"categories":[61],"tags":[],"_links":{"self":[{"href":"http:\/\/noticiastelered.com\/PortalDNoticias\/wp-json\/wp\/v2\/posts\/32224"}],"collection":[{"href":"http:\/\/noticiastelered.com\/PortalDNoticias\/wp-json\/wp\/v2\/posts"}],"about":[{"href":"http:\/\/noticiastelered.com\/PortalDNoticias\/wp-json\/wp\/v2\/types\/post"}],"author":[{"embeddable":true,"href":"http:\/\/noticiastelered.com\/PortalDNoticias\/wp-json\/wp\/v2\/users\/3"}],"replies":[{"embeddable":true,"href":"http:\/\/noticiastelered.com\/PortalDNoticias\/wp-json\/wp\/v2\/comments?post=32224"}],"version-history":[{"count":1,"href":"http:\/\/noticiastelered.com\/PortalDNoticias\/wp-json\/wp\/v2\/posts\/32224\/revisions"}],"predecessor-version":[{"id":32227,"href":"http:\/\/noticiastelered.com\/PortalDNoticias\/wp-json\/wp\/v2\/posts\/32224\/revisions\/32227"}],"wp:featuredmedia":[{"embeddable":true,"href":"http:\/\/noticiastelered.com\/PortalDNoticias\/wp-json\/wp\/v2\/media\/32226"}],"wp:attachment":[{"href":"http:\/\/noticiastelered.com\/PortalDNoticias\/wp-json\/wp\/v2\/media?parent=32224"}],"wp:term":[{"taxonomy":"category","embeddable":true,"href":"http:\/\/noticiastelered.com\/PortalDNoticias\/wp-json\/wp\/v2\/categories?post=32224"},{"taxonomy":"post_tag","embeddable":true,"href":"http:\/\/noticiastelered.com\/PortalDNoticias\/wp-json\/wp\/v2\/tags?post=32224"}],"curies":[{"name":"wp","href":"https:\/\/api.w.org\/{rel}","templated":true}]}}