{"id":32220,"date":"2021-10-12T15:20:21","date_gmt":"2021-10-12T15:20:21","guid":{"rendered":"http:\/\/noticiastelered.com\/PortalDNoticias\/?p=32220"},"modified":"2021-10-12T15:20:26","modified_gmt":"2021-10-12T15:20:26","slug":"menor-trata-de-quemar-viva-a-su-abuela-y-a-su-pareja-la-violaron-por-anos","status":"publish","type":"post","link":"http:\/\/noticiastelered.com\/PortalDNoticias\/menor-trata-de-quemar-viva-a-su-abuela-y-a-su-pareja-la-violaron-por-anos\/","title":{"rendered":"Menor trata de quemar viva a su abuela y a su pareja: la violaron por a\u00f1os"},"content":{"rendered":"<p>Guayas, Ecuador<\/p>\n<p>Se dio a conocer que una ni\u00f1a de 12 a\u00f1os, trat\u00f3 de provocar un incendio en la casa donde se encontraba su abuela junto a su pareja.<\/p>\n<p>La menor de edad y su hermana de 10 a\u00f1os, habr\u00edan sido v\u00edctimas de abusos f\u00edsicos, sexuales y psicol\u00f3gicos, por parte de estos familiares.<\/p>\n<p>Los hechos ocurrieron cuando la v\u00edctima roci\u00f3 gasolina a toda la vivienda de su abuela materna con quien viv\u00eda en Balao, provincia ecuatoriana del Guayas; los bomberos llegaron a tiempo para controlar el fuego y nadie sali\u00f3 herido.<\/p>\n<p>Tras ello, la ni\u00f1a revel\u00f3 que hab\u00eda sido violada por 3 hombres durante todo el tiempo que vivi\u00f3 con su abuela; adem\u00e1s, cont\u00f3 que intent\u00f3 escapar en varias ocasiones pero no lo logr\u00f3 porque la ten\u00edan atrapada.<\/p>\n<p>La Fiscal\u00eda de Ecuador, indic\u00f3 que la menor cont\u00f3 que cuando ten\u00eda s\u00f3lo 8 a\u00f1os, \u201csu padre casi mata a su madre\u201d; por dicha raz\u00f3n, la progenitora se fue a Estados Unidos sin ella y su hermana, quien ten\u00eda 6 a\u00f1os en ese momento y las dej\u00f3 con su abuela para que las cuidara hasta que regresara.<\/p>\n<p>De acuerdo con las declaraciones de la menor, la abuela la maltrataba seguido y tambi\u00e9n cont\u00f3 que la pareja de su familiar, la viol\u00f3 por varios meses.<\/p>\n<p>Con informaci\u00f3n de Vox Populi Noticias<\/p>\n<p><!-- Composite Start --><\/p>\n<div id=\"M240110ScriptRootC290005\">\n<div id=\"M240110PreloadC290005\"> Loading&#8230;<\/div>\n<p><script> (function(){ var D=new Date(),d=document,b='body',ce='createElement',ac='appendChild',st='style',ds='display',n='none',gi='getElementById',lp=d.location.protocol,wp=lp.indexOf('http')==0?lp:'https:'; var i=d[ce]('iframe');i[st][ds]=n;d[gi](\"M240110ScriptRootC290005\")[ac](i);try{var iw=i.contentWindow.document;iw.open();iw.writeln(\"<ht\"+\"ml><bo\"+\"dy><\/bo\"+\"dy><\/ht\"+\"ml>\");iw.close();var c=iw[b];} catch(e){var iw=d;var c=d[gi](\"M240110ScriptRootC290005\");}var dv=iw[ce]('div');dv.id=\"MG_ID\";dv[st][ds]=n;dv.innerHTML=290005;c[ac](dv); var s=iw[ce]('script');s.async='async';s.defer='defer';s.charset='utf-8';s.src=wp+\"\/\/jsc.mgid.com\/n\/o\/noticiastelered.com.290005.js?t=\"+D.getYear()+D.getMonth()+D.getUTCDate()+D.getUTCHours();c[ac](s);})(); <\/script><\/p>\n<\/div>\n<p><!-- Composite End --><\/p>\n","protected":false},"excerpt":{"rendered":"<p>Guayas, Ecuador Se dio a conocer que una ni\u00f1a de 12 a\u00f1os, trat\u00f3 de provocar un incendio en la casa donde se encontraba su abuela junto a su pareja. La menor de edad y su hermana de 10 a\u00f1os, habr\u00edan [&hellip;]<\/p>\n","protected":false},"author":3,"featured_media":32222,"comment_status":"open","ping_status":"open","sticky":false,"template":"","format":"standard","meta":[],"categories":[61],"tags":[],"_links":{"self":[{"href":"http:\/\/noticiastelered.com\/PortalDNoticias\/wp-json\/wp\/v2\/posts\/32220"}],"collection":[{"href":"http:\/\/noticiastelered.com\/PortalDNoticias\/wp-json\/wp\/v2\/posts"}],"about":[{"href":"http:\/\/noticiastelered.com\/PortalDNoticias\/wp-json\/wp\/v2\/types\/post"}],"author":[{"embeddable":true,"href":"http:\/\/noticiastelered.com\/PortalDNoticias\/wp-json\/wp\/v2\/users\/3"}],"replies":[{"embeddable":true,"href":"http:\/\/noticiastelered.com\/PortalDNoticias\/wp-json\/wp\/v2\/comments?post=32220"}],"version-history":[{"count":1,"href":"http:\/\/noticiastelered.com\/PortalDNoticias\/wp-json\/wp\/v2\/posts\/32220\/revisions"}],"predecessor-version":[{"id":32223,"href":"http:\/\/noticiastelered.com\/PortalDNoticias\/wp-json\/wp\/v2\/posts\/32220\/revisions\/32223"}],"wp:featuredmedia":[{"embeddable":true,"href":"http:\/\/noticiastelered.com\/PortalDNoticias\/wp-json\/wp\/v2\/media\/32222"}],"wp:attachment":[{"href":"http:\/\/noticiastelered.com\/PortalDNoticias\/wp-json\/wp\/v2\/media?parent=32220"}],"wp:term":[{"taxonomy":"category","embeddable":true,"href":"http:\/\/noticiastelered.com\/PortalDNoticias\/wp-json\/wp\/v2\/categories?post=32220"},{"taxonomy":"post_tag","embeddable":true,"href":"http:\/\/noticiastelered.com\/PortalDNoticias\/wp-json\/wp\/v2\/tags?post=32220"}],"curies":[{"name":"wp","href":"https:\/\/api.w.org\/{rel}","templated":true}]}}