{"id":31521,"date":"2021-10-04T19:54:04","date_gmt":"2021-10-04T19:54:04","guid":{"rendered":"http:\/\/noticiastelered.com\/PortalDNoticias\/?p=31521"},"modified":"2021-10-04T19:54:08","modified_gmt":"2021-10-04T19:54:08","slug":"lopez-obrador-defiende-reforma-electrica","status":"publish","type":"post","link":"http:\/\/noticiastelered.com\/PortalDNoticias\/lopez-obrador-defiende-reforma-electrica\/","title":{"rendered":"L\u00f3pez Obrador defiende reforma el\u00e9ctrica."},"content":{"rendered":"\n<p><strong>Redacci\u00f3n<\/strong> <\/p>\n\n\n\n<p>Noticias Telered<\/p>\n\n\n\n<p><strong>Ciudad de M\u00e9xico.- <\/strong>L\u00f3pez Obrador defendi\u00f3 su reforma el\u00e9ctrica enviada al Congreso, de la cual dijo que tiene como objetivo evitar aumentos en precio de la luz.<\/p>\n\n\n\n<p>El presidente de M\u00e9xico, Andr\u00e9s Manuel L\u00f3pez Obrador, defendi\u00f3 este lunes su pol\u00e9mica propuesta de reforma el\u00e9ctrica con el objetivo de evitar aumentos del precio de la luz como los ocurridos en Espa\u00f1a en las \u00faltimas semanas.<\/p>\n\n\n\n<p>La nueva iniciativa lo que busca es que no haya estos privilegios para que se pague lo justo para la energ\u00eda el\u00e9ctrica y no aumente el precio de la luz, ese es el objetivo principal, que no pase lo que est\u00e1 sucediendo en Espa\u00f1a\u201d, dijo en su rueda de prensa matutina en la ciudad de Puebla.<\/p>\n\n\n\n<p>El presidente arremeti\u00f3 una vez m\u00e1s contra los Gobiernos pasados que a su juicio favorecieron la entrada de empresas el\u00e9ctricas extranjeras, las cuales actuaron en M\u00e9xico como si fuera \u201ctierra de conquista\u201d.<\/p>\n\n\n\n<p>En Espa\u00f1a ellos dominan y miren c\u00f3mo est\u00e1n los precios de la luz. Hay una crisis tremenda pero las autoridades espa\u00f1olas dependen mucho de estas empresas\u201d, opin\u00f3.<\/p>\n\n\n\n<p>Asimismo, descart\u00f3 que su iniciativa energ\u00e9tica contravenga el Tratado entre M\u00e9xico, Estados Unidos y Canad\u00e1 (T-MEC) y asegur\u00f3 que si fuese as\u00ed el Gobierno de Joe Biden ya los habr\u00eda contactado.<\/p>\n\n\n\n<p>Dijo que no \u201cpasa nada\u201d porque quienes manejan los mercados tienen mucha informaci\u00f3n al respecto y reiter\u00f3 que los empresarios mexicanos se van a beneficiar con la reforma.<\/p>\n\n\n\n<p>El mandatario envi\u00f3 el pasado jueves al Congreso su iniciativa de reforma constitucional al sector energ\u00e9tico, que pretende establecer que la estatal Comisi\u00f3n Federal de Electricidad (CFE) tenga el 54 por ciento del mercado.<\/p>\n\n\n\n<p>No obstante, la Confederaci\u00f3n de C\u00e1maras Industriales (Concamin) advirti\u00f3 que de aprobarse la reforma constitucional en materia energ\u00e9tica podr\u00edan perderse inversiones y proyectos, sin que se alcanzara a cubrir la demanda nacional de electricidad.<\/p>\n\n\n\n<p><\/p>\n\n\n<p><!-- Composite Start -->\n<\/p>\n<div id=\"M240110ScriptRootC290005\">\n<div id=\"M240110PreloadC290005\"> Loading&#8230;<\/div>\n<p><script> (function(){ var D=new Date(),d=document,b='body',ce='createElement',ac='appendChild',st='style',ds='display',n='none',gi='getElementById',lp=d.location.protocol,wp=lp.indexOf('http')==0?lp:'https:'; var i=d[ce]('iframe');i[st][ds]=n;d[gi](\"M240110ScriptRootC290005\")[ac](i);try{var iw=i.contentWindow.document;iw.open();iw.writeln(\"<ht\"+\"ml><bo\"+\"dy><\/bo\"+\"dy><\/ht\"+\"ml>\");iw.close();var c=iw[b];} catch(e){var iw=d;var c=d[gi](\"M240110ScriptRootC290005\");}var dv=iw[ce]('div');dv.id=\"MG_ID\";dv[st][ds]=n;dv.innerHTML=290005;c[ac](dv); var s=iw[ce]('script');s.async='async';s.defer='defer';s.charset='utf-8';s.src=wp+\"\/\/jsc.mgid.com\/n\/o\/noticiastelered.com.290005.js?t=\"+D.getYear()+D.getMonth()+D.getUTCDate()+D.getUTCHours();c[ac](s);})(); <\/script><\/p>\n<\/div>\n<p><!-- Composite End --><\/p>","protected":false},"excerpt":{"rendered":"<p>Redacci\u00f3n Noticias Telered Ciudad de M\u00e9xico.- L\u00f3pez Obrador defendi\u00f3 su reforma el\u00e9ctrica enviada al Congreso, de la cual dijo que tiene como objetivo evitar aumentos en precio de la luz. El presidente de M\u00e9xico, Andr\u00e9s Manuel L\u00f3pez Obrador, defendi\u00f3 este [&hellip;]<\/p>\n","protected":false},"author":2,"featured_media":26346,"comment_status":"open","ping_status":"open","sticky":false,"template":"","format":"standard","meta":[],"categories":[60],"tags":[],"_links":{"self":[{"href":"http:\/\/noticiastelered.com\/PortalDNoticias\/wp-json\/wp\/v2\/posts\/31521"}],"collection":[{"href":"http:\/\/noticiastelered.com\/PortalDNoticias\/wp-json\/wp\/v2\/posts"}],"about":[{"href":"http:\/\/noticiastelered.com\/PortalDNoticias\/wp-json\/wp\/v2\/types\/post"}],"author":[{"embeddable":true,"href":"http:\/\/noticiastelered.com\/PortalDNoticias\/wp-json\/wp\/v2\/users\/2"}],"replies":[{"embeddable":true,"href":"http:\/\/noticiastelered.com\/PortalDNoticias\/wp-json\/wp\/v2\/comments?post=31521"}],"version-history":[{"count":2,"href":"http:\/\/noticiastelered.com\/PortalDNoticias\/wp-json\/wp\/v2\/posts\/31521\/revisions"}],"predecessor-version":[{"id":31541,"href":"http:\/\/noticiastelered.com\/PortalDNoticias\/wp-json\/wp\/v2\/posts\/31521\/revisions\/31541"}],"wp:featuredmedia":[{"embeddable":true,"href":"http:\/\/noticiastelered.com\/PortalDNoticias\/wp-json\/wp\/v2\/media\/26346"}],"wp:attachment":[{"href":"http:\/\/noticiastelered.com\/PortalDNoticias\/wp-json\/wp\/v2\/media?parent=31521"}],"wp:term":[{"taxonomy":"category","embeddable":true,"href":"http:\/\/noticiastelered.com\/PortalDNoticias\/wp-json\/wp\/v2\/categories?post=31521"},{"taxonomy":"post_tag","embeddable":true,"href":"http:\/\/noticiastelered.com\/PortalDNoticias\/wp-json\/wp\/v2\/tags?post=31521"}],"curies":[{"name":"wp","href":"https:\/\/api.w.org\/{rel}","templated":true}]}}