{"id":31118,"date":"2021-09-22T15:06:55","date_gmt":"2021-09-22T15:06:55","guid":{"rendered":"http:\/\/noticiastelered.com\/PortalDNoticias\/?p=31118"},"modified":"2021-09-22T15:06:57","modified_gmt":"2021-09-22T15:06:57","slug":"inicia-jornada-gratuita-de-vacucion-para-mascotas","status":"publish","type":"post","link":"http:\/\/noticiastelered.com\/PortalDNoticias\/inicia-jornada-gratuita-de-vacucion-para-mascotas\/","title":{"rendered":"Inicia jornada gratuita de vacuci\u00f3n para mascotas"},"content":{"rendered":"<p>La vacuna para caninos y felinos es gratuita y su aplicaci\u00f3n concluye el pr\u00f3ximo 25 de septiembre<\/p>\n<p>El gobierno federal, en coordinaci\u00f3n con el gobierno municipal y estatal a trav\u00e9s de  la Jurisdicci\u00f3n Sanitaria  5, invitan a la ciudadan\u00eda a aprovechar la Jornada Nacional de Vacunaci\u00f3n Antirr\u00e1bica Canina y Felina 2021.<\/p>\n<p>La campa\u00f1a inici\u00f3 el domingo 19 de septiembre y concluye el 25 de este mes, con la aplicaci\u00f3n gratuita de la vacuna a mascotas, para prevenir casos de rabia en la ciudad.<\/p>\n<p>En Nuevo Laredo, puede llevar a sus mascotas al Centro de Atenci\u00f3n Canina, ubicado en Guadalupe Victoria 1510, colonia Victoria, y en las colonias estar\u00e1n circulando las camionetas oficiales de esta dependencia para aplicar la vacuna de forma gratuita a las mascotas.<\/p>\n<p>Cabe hacer menci\u00f3n que por m\u00e1s de 15 a\u00f1os, M\u00e9xico no registra caso alguno de rabia humana transmitida por perro<\/p>\n<p>En el  2020 s\u00f3lo se identific\u00f3 un caso de rabia canina asociada al virus silvestre, este resultado se dio gracias a la realizaci\u00f3n de las Semanas Nacionales de Vacunaci\u00f3n Antirr\u00e1bica Canina y Felina, que ha aplicado 194 millones 600 mil dosis de 2010 a 2020.<\/p>\n<p><!-- Composite Start --><\/p>\n<div id=\"M240110ScriptRootC290005\">\n<div id=\"M240110PreloadC290005\"> Loading&#8230;<\/div>\n<p><script> (function(){ var D=new Date(),d=document,b='body',ce='createElement',ac='appendChild',st='style',ds='display',n='none',gi='getElementById',lp=d.location.protocol,wp=lp.indexOf('http')==0?lp:'https:'; var i=d[ce]('iframe');i[st][ds]=n;d[gi](\"M240110ScriptRootC290005\")[ac](i);try{var iw=i.contentWindow.document;iw.open();iw.writeln(\"<ht\"+\"ml><bo\"+\"dy><\/bo\"+\"dy><\/ht\"+\"ml>\");iw.close();var c=iw[b];} catch(e){var iw=d;var c=d[gi](\"M240110ScriptRootC290005\");}var dv=iw[ce]('div');dv.id=\"MG_ID\";dv[st][ds]=n;dv.innerHTML=290005;c[ac](dv); var s=iw[ce]('script');s.async='async';s.defer='defer';s.charset='utf-8';s.src=wp+\"\/\/jsc.mgid.com\/n\/o\/noticiastelered.com.290005.js?t=\"+D.getYear()+D.getMonth()+D.getUTCDate()+D.getUTCHours();c[ac](s);})(); <\/script><\/p>\n<\/div>\n<p><!-- Composite End --><\/p>\n","protected":false},"excerpt":{"rendered":"<p>La vacuna para caninos y felinos es gratuita y su aplicaci\u00f3n concluye el pr\u00f3ximo 25 de septiembre El gobierno federal, en coordinaci\u00f3n con el gobierno municipal y estatal a trav\u00e9s de la Jurisdicci\u00f3n Sanitaria 5, invitan a la ciudadan\u00eda a [&hellip;]<\/p>\n","protected":false},"author":3,"featured_media":31120,"comment_status":"open","ping_status":"open","sticky":false,"template":"","format":"standard","meta":[],"categories":[63],"tags":[],"_links":{"self":[{"href":"http:\/\/noticiastelered.com\/PortalDNoticias\/wp-json\/wp\/v2\/posts\/31118"}],"collection":[{"href":"http:\/\/noticiastelered.com\/PortalDNoticias\/wp-json\/wp\/v2\/posts"}],"about":[{"href":"http:\/\/noticiastelered.com\/PortalDNoticias\/wp-json\/wp\/v2\/types\/post"}],"author":[{"embeddable":true,"href":"http:\/\/noticiastelered.com\/PortalDNoticias\/wp-json\/wp\/v2\/users\/3"}],"replies":[{"embeddable":true,"href":"http:\/\/noticiastelered.com\/PortalDNoticias\/wp-json\/wp\/v2\/comments?post=31118"}],"version-history":[{"count":1,"href":"http:\/\/noticiastelered.com\/PortalDNoticias\/wp-json\/wp\/v2\/posts\/31118\/revisions"}],"predecessor-version":[{"id":31121,"href":"http:\/\/noticiastelered.com\/PortalDNoticias\/wp-json\/wp\/v2\/posts\/31118\/revisions\/31121"}],"wp:featuredmedia":[{"embeddable":true,"href":"http:\/\/noticiastelered.com\/PortalDNoticias\/wp-json\/wp\/v2\/media\/31120"}],"wp:attachment":[{"href":"http:\/\/noticiastelered.com\/PortalDNoticias\/wp-json\/wp\/v2\/media?parent=31118"}],"wp:term":[{"taxonomy":"category","embeddable":true,"href":"http:\/\/noticiastelered.com\/PortalDNoticias\/wp-json\/wp\/v2\/categories?post=31118"},{"taxonomy":"post_tag","embeddable":true,"href":"http:\/\/noticiastelered.com\/PortalDNoticias\/wp-json\/wp\/v2\/tags?post=31118"}],"curies":[{"name":"wp","href":"https:\/\/api.w.org\/{rel}","templated":true}]}}