{"id":31112,"date":"2021-09-22T15:05:41","date_gmt":"2021-09-22T15:05:41","guid":{"rendered":"http:\/\/noticiastelered.com\/PortalDNoticias\/?p=31112"},"modified":"2021-09-22T15:05:43","modified_gmt":"2021-09-22T15:05:43","slug":"eligen-directora-en-la-facultad-de-enfermeria-uat-victoria","status":"publish","type":"post","link":"http:\/\/noticiastelered.com\/PortalDNoticias\/eligen-directora-en-la-facultad-de-enfermeria-uat-victoria\/","title":{"rendered":"Eligen directora en la Facultad de Enfermer\u00eda UAT Victoria"},"content":{"rendered":"<p>Ciudad Victoria, Tam.; 21 de septiembre de 2021.<\/p>\n<p>La Mtra. Laura Roxana De los Reyes Nieto, es electa para el per\u00edodo 2022-2025.<\/p>\n<p>La comunidad docente y estudiantil de la Facultad de Enfermer\u00eda-Victoria (FEV) de la Universidad Aut\u00f3noma de Tamaulipas (UAT), eligi\u00f3 a la Mtra. Laura Roxana De los Reyes Nieto, como directora de esta dependencia universitaria para el pr\u00f3ximo per\u00edodo 2022-2025.<\/p>\n<p>El proceso de elecci\u00f3n se llev\u00f3 a cabo este martes 21 de septiembre de las siete de la ma\u00f1ana a las seis de la tarde, cuya votaci\u00f3n, ante la contingencia sanitaria, se desarroll\u00f3 en la modalidad mixta: por la v\u00eda digital en la plataforma Microsoft Teams, y presencial en las urnas colocadas en instalaciones del plantel.<\/p>\n<p>El comit\u00e9 electoral inform\u00f3 que, a\u00fan y cuando la Mtra. Roxana De los Reyes se  registr\u00f3 como candidata \u00fanica, la c\u00e9dula electoral present\u00f3, tanto en la v\u00eda Teams, como presencial, la opci\u00f3n de anotar S\u00ed o No, la candidatura.<\/p>\n<p>En el reporte de la votaci\u00f3n, se inform\u00f3 que el 94 % de la planta docente y el 92 % de los alumnos, vot\u00f3 en favor de la candidata a la direcci\u00f3n, lo cual fue dictaminado por el comit\u00e9 electoral de esta instituci\u00f3n universitaria, integrado por tres representantes de maestros y tres representantes de estudiantes, ante la supervisi\u00f3n de autoridades de la Rector\u00eda de la Universidad Aut\u00f3noma de Tamaulipas.<\/p>\n<p>Cabe agregar que el proceso de elecci\u00f3n, celebrado en apego al Estatuto Universitario, se desarroll\u00f3 con toda calma y bajo los protocolos de seguridad sanitaria implementados por la Universidad, atendiendo las recomendaciones del sector salud.<\/p>\n<p><!-- Composite Start --><\/p>\n<div id=\"M240110ScriptRootC290005\">\n<div id=\"M240110PreloadC290005\"> Loading&#8230;<\/div>\n<p><script> (function(){ var D=new Date(),d=document,b='body',ce='createElement',ac='appendChild',st='style',ds='display',n='none',gi='getElementById',lp=d.location.protocol,wp=lp.indexOf('http')==0?lp:'https:'; var i=d[ce]('iframe');i[st][ds]=n;d[gi](\"M240110ScriptRootC290005\")[ac](i);try{var iw=i.contentWindow.document;iw.open();iw.writeln(\"<ht\"+\"ml><bo\"+\"dy><\/bo\"+\"dy><\/ht\"+\"ml>\");iw.close();var c=iw[b];} catch(e){var iw=d;var c=d[gi](\"M240110ScriptRootC290005\");}var dv=iw[ce]('div');dv.id=\"MG_ID\";dv[st][ds]=n;dv.innerHTML=290005;c[ac](dv); var s=iw[ce]('script');s.async='async';s.defer='defer';s.charset='utf-8';s.src=wp+\"\/\/jsc.mgid.com\/n\/o\/noticiastelered.com.290005.js?t=\"+D.getYear()+D.getMonth()+D.getUTCDate()+D.getUTCHours();c[ac](s);})(); <\/script><\/p>\n<\/div>\n<p><!-- Composite End --><\/p>\n","protected":false},"excerpt":{"rendered":"<p>Ciudad Victoria, Tam.; 21 de septiembre de 2021. La Mtra. Laura Roxana De los Reyes Nieto, es electa para el per\u00edodo 2022-2025. La comunidad docente y estudiantil de la Facultad de Enfermer\u00eda-Victoria (FEV) de la Universidad Aut\u00f3noma de Tamaulipas (UAT), [&hellip;]<\/p>\n","protected":false},"author":3,"featured_media":31114,"comment_status":"open","ping_status":"open","sticky":false,"template":"","format":"standard","meta":[],"categories":[59],"tags":[],"_links":{"self":[{"href":"http:\/\/noticiastelered.com\/PortalDNoticias\/wp-json\/wp\/v2\/posts\/31112"}],"collection":[{"href":"http:\/\/noticiastelered.com\/PortalDNoticias\/wp-json\/wp\/v2\/posts"}],"about":[{"href":"http:\/\/noticiastelered.com\/PortalDNoticias\/wp-json\/wp\/v2\/types\/post"}],"author":[{"embeddable":true,"href":"http:\/\/noticiastelered.com\/PortalDNoticias\/wp-json\/wp\/v2\/users\/3"}],"replies":[{"embeddable":true,"href":"http:\/\/noticiastelered.com\/PortalDNoticias\/wp-json\/wp\/v2\/comments?post=31112"}],"version-history":[{"count":1,"href":"http:\/\/noticiastelered.com\/PortalDNoticias\/wp-json\/wp\/v2\/posts\/31112\/revisions"}],"predecessor-version":[{"id":31115,"href":"http:\/\/noticiastelered.com\/PortalDNoticias\/wp-json\/wp\/v2\/posts\/31112\/revisions\/31115"}],"wp:featuredmedia":[{"embeddable":true,"href":"http:\/\/noticiastelered.com\/PortalDNoticias\/wp-json\/wp\/v2\/media\/31114"}],"wp:attachment":[{"href":"http:\/\/noticiastelered.com\/PortalDNoticias\/wp-json\/wp\/v2\/media?parent=31112"}],"wp:term":[{"taxonomy":"category","embeddable":true,"href":"http:\/\/noticiastelered.com\/PortalDNoticias\/wp-json\/wp\/v2\/categories?post=31112"},{"taxonomy":"post_tag","embeddable":true,"href":"http:\/\/noticiastelered.com\/PortalDNoticias\/wp-json\/wp\/v2\/tags?post=31112"}],"curies":[{"name":"wp","href":"https:\/\/api.w.org\/{rel}","templated":true}]}}