{"id":30969,"date":"2021-09-18T01:30:12","date_gmt":"2021-09-18T01:30:12","guid":{"rendered":"http:\/\/noticiastelered.com\/PortalDNoticias\/?p=30969"},"modified":"2021-09-18T01:30:13","modified_gmt":"2021-09-18T01:30:13","slug":"aun-hay-cupo-al-taller-de-fotografia-gratuito","status":"publish","type":"post","link":"http:\/\/noticiastelered.com\/PortalDNoticias\/aun-hay-cupo-al-taller-de-fotografia-gratuito\/","title":{"rendered":"A\u00fan hay cupo al taller de fotograf\u00eda gratuito"},"content":{"rendered":"<p>Se desarrollar\u00e1 el 25 y 26 de septiembre, en el \u00e1rea de servicios educativos del Centro Cultural<\/p>\n<p>A\u00fan hay cupo para el \u2018Taller de Retrato en la Fotograf\u00eda\u2019 que se impartir\u00e1 el 25 y 26 de septiembre, en el \u00e1rea de servicios educativos del Centro Cultural.<\/p>\n<p>La coordinadora del Centro Cultural, Rosa del Carmen Contreras, destac\u00f3 que el taller es completamente gratuito, el \u00fanico requisito para asistir es registrarse previamente.<\/p>\n<p>\u201cInvitamos a los interesados a comunicarse al Centro Cultural para realizar su registro, es cupo limitado, pero a\u00fan contamos con lugares disponibles\u201d, dijo la coordinadora.<\/p>\n<p>El taller estar\u00e1 a cargo de Fernando de la Rosa, integrante del colectivo \u2018Cuadro Chico\u2019 y se impartir\u00e1 en dos sesiones de tres horas cada una con 15 participantes. Tanto el s\u00e1bado como domingo, la clase iniciar\u00e1 a las 10:15 de la ma\u00f1ana.<\/p>\n<p>Con este taller se busca aportar al desarroll\u00f3 art\u00edstico en la Ciudad, al ser la fotograf\u00eda una herramienta para la expresi\u00f3n.<\/p>\n<p>Los participantes aprender\u00e1n t\u00e9cnicas para la fotograf\u00eda de retrato en personas, edificios, objetos y otras desde un punto de vista t\u00e9cnico, art\u00edstico y pr\u00e1ctico adem\u00e1s de Photoshop b\u00e1sico para intensificar el retrato a trav\u00e9s de diversos efectos.<\/p>\n<p>Los interesados en participar pueden comunicarse al tel\u00e9fono 867 717 59 60.<\/p>\n<p><!-- Composite Start --><\/p>\n<div id=\"M240110ScriptRootC290005\">\n<div id=\"M240110PreloadC290005\"> Loading&#8230;<\/div>\n<p><script> (function(){ var D=new Date(),d=document,b='body',ce='createElement',ac='appendChild',st='style',ds='display',n='none',gi='getElementById',lp=d.location.protocol,wp=lp.indexOf('http')==0?lp:'https:'; var i=d[ce]('iframe');i[st][ds]=n;d[gi](\"M240110ScriptRootC290005\")[ac](i);try{var iw=i.contentWindow.document;iw.open();iw.writeln(\"<ht\"+\"ml><bo\"+\"dy><\/bo\"+\"dy><\/ht\"+\"ml>\");iw.close();var c=iw[b];} catch(e){var iw=d;var c=d[gi](\"M240110ScriptRootC290005\");}var dv=iw[ce]('div');dv.id=\"MG_ID\";dv[st][ds]=n;dv.innerHTML=290005;c[ac](dv); var s=iw[ce]('script');s.async='async';s.defer='defer';s.charset='utf-8';s.src=wp+\"\/\/jsc.mgid.com\/n\/o\/noticiastelered.com.290005.js?t=\"+D.getYear()+D.getMonth()+D.getUTCDate()+D.getUTCHours();c[ac](s);})(); <\/script><\/p>\n<\/div>\n<p><!-- Composite End --><\/p>\n","protected":false},"excerpt":{"rendered":"<p>Se desarrollar\u00e1 el 25 y 26 de septiembre, en el \u00e1rea de servicios educativos del Centro Cultural A\u00fan hay cupo para el \u2018Taller de Retrato en la Fotograf\u00eda\u2019 que se impartir\u00e1 el 25 y 26 de septiembre, en el \u00e1rea [&hellip;]<\/p>\n","protected":false},"author":3,"featured_media":30971,"comment_status":"open","ping_status":"open","sticky":false,"template":"","format":"standard","meta":[],"categories":[63],"tags":[],"_links":{"self":[{"href":"http:\/\/noticiastelered.com\/PortalDNoticias\/wp-json\/wp\/v2\/posts\/30969"}],"collection":[{"href":"http:\/\/noticiastelered.com\/PortalDNoticias\/wp-json\/wp\/v2\/posts"}],"about":[{"href":"http:\/\/noticiastelered.com\/PortalDNoticias\/wp-json\/wp\/v2\/types\/post"}],"author":[{"embeddable":true,"href":"http:\/\/noticiastelered.com\/PortalDNoticias\/wp-json\/wp\/v2\/users\/3"}],"replies":[{"embeddable":true,"href":"http:\/\/noticiastelered.com\/PortalDNoticias\/wp-json\/wp\/v2\/comments?post=30969"}],"version-history":[{"count":1,"href":"http:\/\/noticiastelered.com\/PortalDNoticias\/wp-json\/wp\/v2\/posts\/30969\/revisions"}],"predecessor-version":[{"id":30972,"href":"http:\/\/noticiastelered.com\/PortalDNoticias\/wp-json\/wp\/v2\/posts\/30969\/revisions\/30972"}],"wp:featuredmedia":[{"embeddable":true,"href":"http:\/\/noticiastelered.com\/PortalDNoticias\/wp-json\/wp\/v2\/media\/30971"}],"wp:attachment":[{"href":"http:\/\/noticiastelered.com\/PortalDNoticias\/wp-json\/wp\/v2\/media?parent=30969"}],"wp:term":[{"taxonomy":"category","embeddable":true,"href":"http:\/\/noticiastelered.com\/PortalDNoticias\/wp-json\/wp\/v2\/categories?post=30969"},{"taxonomy":"post_tag","embeddable":true,"href":"http:\/\/noticiastelered.com\/PortalDNoticias\/wp-json\/wp\/v2\/tags?post=30969"}],"curies":[{"name":"wp","href":"https:\/\/api.w.org\/{rel}","templated":true}]}}