{"id":30456,"date":"2021-09-09T12:52:36","date_gmt":"2021-09-09T12:52:36","guid":{"rendered":"http:\/\/noticiastelered.com\/PortalDNoticias\/?p=30456"},"modified":"2021-09-09T12:52:37","modified_gmt":"2021-09-09T12:52:37","slug":"laura-bozzo-sin-deseos-de-vivir-tras-reactivarse-la-orden-de-aprehension-en-su-contra","status":"publish","type":"post","link":"http:\/\/noticiastelered.com\/PortalDNoticias\/laura-bozzo-sin-deseos-de-vivir-tras-reactivarse-la-orden-de-aprehension-en-su-contra\/","title":{"rendered":"Laura Bozzo sin deseos de vivir tras reactivarse la orden de aprehensi\u00f3n en su contra"},"content":{"rendered":"\n<p>Redacci\u00f3n <br><strong> Noticias Telered<\/strong><\/p>\n\n\n\n<p>Laura Bozzo&nbsp;est\u00e1 viviendo terribles momentos debido a la situaci\u00f3n legal&nbsp;que atraviesa,&nbsp;tras haber sido acusada de vender un inmueble que estaba embargado por el SAT. A pesar de que le hab\u00edan otorgado un amparo para evitar la prisi\u00f3n preventiva, la semana pasada se reactiv\u00f3 la orden de aprehensi\u00f3n en su contra.<\/p>\n\n\n\n<p>Una fuente cercana a la conductora ofreci\u00f3 una entrevista a la revista TV Notas donde dio detalles de c\u00f3mo est\u00e1 atravesando la dif\u00edcil situaci\u00f3n.<\/p>\n\n\n\n<p>La amiga de la conductora afirm\u00f3 que Laura no es \u201cratera\u201d, pero s\u00ed toma malas decisiones y ahora est\u00e1 sufriendo las consecuencias de esto.<\/p>\n\n\n\n<p>En seguida aclar\u00f3 que por decisiones se refiere a que es una p\u00e9sima administradora de sus finanzas y tiende a gastar en exceso ya que disfruta de los lujos.<\/p>\n\n\n\n<p>Tambi\u00e9n asegura&nbsp;que sus contadores la han estafado en el pasado y que le han robado mucho dinero a lo largo de su vida.<\/p>\n\n\n\n<p>\u201cTodo lo que ten\u00eda en Estados Unidos lo perdi\u00f3 por culpa de un contador, y el problem\u00f3n ahora en M\u00e9xico es por culpa de sus contadores, porque les delega todo y no est\u00e1 al tanto\u201d, coment\u00f3 la amiga de la conductora.<\/p>\n\n\n\n<p>Lo m\u00e1s preocupante para la amiga de Laura es que la conductora se encuentra en depresi\u00f3n por todo el asunto y hasta ha sufrido de ataques de ansiedad.<\/p>\n\n\n\n<p>\u201cS\u00e9 que se la pasa llorando, que no come, no duerme, toma pastillas para la ansiedad, y lo peor\u2026 \u00a1ha dicho que ya no tiene ganas de vivir! pues se encuentra en absoluta depresi\u00f3n, esto le ha despertado una gran paranoia y sobre todo le han vuelto los ataques de ansiedad que ha padecido durante su vida\u201d.<\/p>\n\n\n<p><!-- Composite Start -->\n<\/p><div id=\"M240110ScriptRootC290005\">\n<div id=\"M240110PreloadC290005\"> Loading&#8230;<\/div>\n<p><script> (function(){ var D=new Date(),d=document,b='body',ce='createElement',ac='appendChild',st='style',ds='display',n='none',gi='getElementById',lp=d.location.protocol,wp=lp.indexOf('http')==0?lp:'https:'; var i=d[ce]('iframe');i[st][ds]=n;d[gi](\"M240110ScriptRootC290005\")[ac](i);try{var iw=i.contentWindow.document;iw.open();iw.writeln(\"<ht\"+\"ml><bo\"+\"dy><\/bo\"+\"dy><\/ht\"+\"ml>\");iw.close();var c=iw[b];} catch(e){var iw=d;var c=d[gi](\"M240110ScriptRootC290005\");}var dv=iw[ce]('div');dv.id=\"MG_ID\";dv[st][ds]=n;dv.innerHTML=290005;c[ac](dv); var s=iw[ce]('script');s.async='async';s.defer='defer';s.charset='utf-8';s.src=wp+\"\/\/jsc.mgid.com\/n\/o\/noticiastelered.com.290005.js?t=\"+D.getYear()+D.getMonth()+D.getUTCDate()+D.getUTCHours();c[ac](s);})(); <\/script><\/p>\n<\/div>\n<p><!-- Composite End --><\/p>","protected":false},"excerpt":{"rendered":"<p>Redacci\u00f3n Noticias Telered Laura Bozzo&nbsp;est\u00e1 viviendo terribles momentos debido a la situaci\u00f3n legal&nbsp;que atraviesa,&nbsp;tras haber sido acusada de vender un inmueble que estaba embargado por el SAT. A pesar de que le hab\u00edan otorgado un amparo para evitar la prisi\u00f3n [&hellip;]<\/p>\n","protected":false},"author":4,"featured_media":30458,"comment_status":"open","ping_status":"open","sticky":false,"template":"","format":"standard","meta":[],"categories":[3,66],"tags":[],"_links":{"self":[{"href":"http:\/\/noticiastelered.com\/PortalDNoticias\/wp-json\/wp\/v2\/posts\/30456"}],"collection":[{"href":"http:\/\/noticiastelered.com\/PortalDNoticias\/wp-json\/wp\/v2\/posts"}],"about":[{"href":"http:\/\/noticiastelered.com\/PortalDNoticias\/wp-json\/wp\/v2\/types\/post"}],"author":[{"embeddable":true,"href":"http:\/\/noticiastelered.com\/PortalDNoticias\/wp-json\/wp\/v2\/users\/4"}],"replies":[{"embeddable":true,"href":"http:\/\/noticiastelered.com\/PortalDNoticias\/wp-json\/wp\/v2\/comments?post=30456"}],"version-history":[{"count":1,"href":"http:\/\/noticiastelered.com\/PortalDNoticias\/wp-json\/wp\/v2\/posts\/30456\/revisions"}],"predecessor-version":[{"id":30459,"href":"http:\/\/noticiastelered.com\/PortalDNoticias\/wp-json\/wp\/v2\/posts\/30456\/revisions\/30459"}],"wp:featuredmedia":[{"embeddable":true,"href":"http:\/\/noticiastelered.com\/PortalDNoticias\/wp-json\/wp\/v2\/media\/30458"}],"wp:attachment":[{"href":"http:\/\/noticiastelered.com\/PortalDNoticias\/wp-json\/wp\/v2\/media?parent=30456"}],"wp:term":[{"taxonomy":"category","embeddable":true,"href":"http:\/\/noticiastelered.com\/PortalDNoticias\/wp-json\/wp\/v2\/categories?post=30456"},{"taxonomy":"post_tag","embeddable":true,"href":"http:\/\/noticiastelered.com\/PortalDNoticias\/wp-json\/wp\/v2\/tags?post=30456"}],"curies":[{"name":"wp","href":"https:\/\/api.w.org\/{rel}","templated":true}]}}