{"id":29749,"date":"2021-09-02T21:13:32","date_gmt":"2021-09-02T21:13:32","guid":{"rendered":"http:\/\/noticiastelered.com\/PortalDNoticias\/?p=29749"},"modified":"2021-09-02T21:13:33","modified_gmt":"2021-09-02T21:13:33","slug":"reina-isabel-ii-solicita-playera-del-manchester-united-firmada-por-cristiano-ronaldo","status":"publish","type":"post","link":"http:\/\/noticiastelered.com\/PortalDNoticias\/reina-isabel-ii-solicita-playera-del-manchester-united-firmada-por-cristiano-ronaldo\/","title":{"rendered":"Reina Isabel II solicita playera del Manchester United firmada por Cristiano Ronaldo"},"content":{"rendered":"\n<p>Redacci\u00f3n <br><strong> Noticias Telered<\/strong><\/p>\n\n\n\n<p>El regreso de&nbsp;<strong>Cristiano<\/strong>&nbsp;<strong>Ronaldo<\/strong>&nbsp;al&nbsp;<strong>Manchester<\/strong>&nbsp;<strong>United<\/strong>&nbsp;ha causado sensaci\u00f3n entre los seguidores del equipo rojo, pero tambi\u00e9n ha levantado expectativa entre los ciudadanos ingleses. Sin embargo, la figura m\u00e1s importante del pa\u00eds tambi\u00e9n se uni\u00f3 a la euforia por el regreso del portugu\u00e9s.&nbsp;<\/p>\n\n\n\n<p>Se trata de la&nbsp;<strong>Reina<\/strong>&nbsp;<strong>Isabel<\/strong>&nbsp;<strong>II<\/strong>, quien habr\u00eda pedido al presidente de los Red Devils ser la primera persona en obtener la playera firmada por el delantero portugu\u00e9s.&nbsp;<strong>Cristiano<\/strong>&nbsp;<strong>Ronaldo<\/strong>&nbsp;contin\u00faa haciendo historia, al ser la primera persona a quien la Reina le pide un aut\u00f3grafo.&nbsp;<\/p>\n\n\n\n<p><strong>CR7, hist\u00f3rico<\/strong><\/p>\n\n\n\n<p>Al mismo tiempo, se solicitaron cerca de 80 playeras m\u00e1s, mismas que se repartir\u00e1n entre la&nbsp;<strong>Familia<\/strong>&nbsp;<strong>Real<\/strong>&nbsp;confirmando con esto que el futbol es un deporte que puede traspasar las fronteras sociales en cualquier pa\u00eds.&nbsp;<\/p>\n\n\n\n<p>Cabe destacar que el pasado 1 de septiembre,&nbsp;<strong>Cristiano<\/strong>&nbsp;<strong>Ronaldo<\/strong>&nbsp;se convirti\u00f3 en el m\u00e1ximo anotador en la historia de las selecciones nacionales&nbsp;de acuerdo con la&nbsp;<strong>FIFA<\/strong>. El portugu\u00e9s marc\u00f3 un doblete ante Islandia en el inicio de las eliminatorias europeas a&nbsp;<strong>Qatar<\/strong>&nbsp;<strong>2022<\/strong>, llegando a 111 goles con&nbsp;<strong>Portugal<\/strong>, superando la marca de&nbsp;<strong>Ali<\/strong>&nbsp;<strong>Daei<\/strong>&nbsp;quien marc\u00f3 109 goles con la selecci\u00f3n de Ir\u00e1n.<\/p>\n\n\n\n<p><strong>Regresa a los Diablos Rojos<\/strong><\/p>\n\n\n\n<p>Despu\u00e9s de la&nbsp;fecha FIFA, CR7 reportar\u00e1 de nuevo con el&nbsp;<strong>Manchester<\/strong>&nbsp;<strong>United<\/strong>. El delantero volver\u00e1 a vestir la playera roja despu\u00e9s de 12 a\u00f1os de ausencia.<\/p>\n\n\n\n<p>Fue en el conjunto de los Red Devils en donde mostr\u00f3 su potencial que le abri\u00f3 las puertas a equipos de Europa. En su primera etapa,&nbsp;<strong>Ronaldo<\/strong>&nbsp;gan\u00f3 la Premier League, la Copa de la Liga, FA Cup, as\u00ed como la Champions League y el Mundial de Clubes.<\/p>\n\n\n\n<p><br><\/p>\n\n\n<p><!-- Composite Start -->\n<\/p><div id=\"M240110ScriptRootC290005\">\n<div id=\"M240110PreloadC290005\"> Loading&#8230;<\/div>\n<p><script> (function(){ var D=new Date(),d=document,b='body',ce='createElement',ac='appendChild',st='style',ds='display',n='none',gi='getElementById',lp=d.location.protocol,wp=lp.indexOf('http')==0?lp:'https:'; var i=d[ce]('iframe');i[st][ds]=n;d[gi](\"M240110ScriptRootC290005\")[ac](i);try{var iw=i.contentWindow.document;iw.open();iw.writeln(\"<ht\"+\"ml><bo\"+\"dy><\/bo\"+\"dy><\/ht\"+\"ml>\");iw.close();var c=iw[b];} catch(e){var iw=d;var c=d[gi](\"M240110ScriptRootC290005\");}var dv=iw[ce]('div');dv.id=\"MG_ID\";dv[st][ds]=n;dv.innerHTML=290005;c[ac](dv); var s=iw[ce]('script');s.async='async';s.defer='defer';s.charset='utf-8';s.src=wp+\"\/\/jsc.mgid.com\/n\/o\/noticiastelered.com.290005.js?t=\"+D.getYear()+D.getMonth()+D.getUTCDate()+D.getUTCHours();c[ac](s);})(); <\/script><\/p>\n<\/div>\n<p><!-- Composite End --><\/p>","protected":false},"excerpt":{"rendered":"<p>Redacci\u00f3n Noticias Telered El regreso de&nbsp;Cristiano&nbsp;Ronaldo&nbsp;al&nbsp;Manchester&nbsp;United&nbsp;ha causado sensaci\u00f3n entre los seguidores del equipo rojo, pero tambi\u00e9n ha levantado expectativa entre los ciudadanos ingleses. Sin embargo, la figura m\u00e1s importante del pa\u00eds tambi\u00e9n se uni\u00f3 a la euforia por el regreso [&hellip;]<\/p>\n","protected":false},"author":4,"featured_media":29751,"comment_status":"open","ping_status":"open","sticky":false,"template":"","format":"standard","meta":[],"categories":[6],"tags":[],"_links":{"self":[{"href":"http:\/\/noticiastelered.com\/PortalDNoticias\/wp-json\/wp\/v2\/posts\/29749"}],"collection":[{"href":"http:\/\/noticiastelered.com\/PortalDNoticias\/wp-json\/wp\/v2\/posts"}],"about":[{"href":"http:\/\/noticiastelered.com\/PortalDNoticias\/wp-json\/wp\/v2\/types\/post"}],"author":[{"embeddable":true,"href":"http:\/\/noticiastelered.com\/PortalDNoticias\/wp-json\/wp\/v2\/users\/4"}],"replies":[{"embeddable":true,"href":"http:\/\/noticiastelered.com\/PortalDNoticias\/wp-json\/wp\/v2\/comments?post=29749"}],"version-history":[{"count":1,"href":"http:\/\/noticiastelered.com\/PortalDNoticias\/wp-json\/wp\/v2\/posts\/29749\/revisions"}],"predecessor-version":[{"id":29752,"href":"http:\/\/noticiastelered.com\/PortalDNoticias\/wp-json\/wp\/v2\/posts\/29749\/revisions\/29752"}],"wp:featuredmedia":[{"embeddable":true,"href":"http:\/\/noticiastelered.com\/PortalDNoticias\/wp-json\/wp\/v2\/media\/29751"}],"wp:attachment":[{"href":"http:\/\/noticiastelered.com\/PortalDNoticias\/wp-json\/wp\/v2\/media?parent=29749"}],"wp:term":[{"taxonomy":"category","embeddable":true,"href":"http:\/\/noticiastelered.com\/PortalDNoticias\/wp-json\/wp\/v2\/categories?post=29749"},{"taxonomy":"post_tag","embeddable":true,"href":"http:\/\/noticiastelered.com\/PortalDNoticias\/wp-json\/wp\/v2\/tags?post=29749"}],"curies":[{"name":"wp","href":"https:\/\/api.w.org\/{rel}","templated":true}]}}