{"id":29484,"date":"2021-09-01T14:32:13","date_gmt":"2021-09-01T14:32:13","guid":{"rendered":"http:\/\/noticiastelered.com\/PortalDNoticias\/?p=29484"},"modified":"2021-09-01T14:32:14","modified_gmt":"2021-09-01T14:32:14","slug":"van-33-muertos-por-el-autobus-de-pasajeros-que-cayo-a-un-barranco","status":"publish","type":"post","link":"http:\/\/noticiastelered.com\/PortalDNoticias\/van-33-muertos-por-el-autobus-de-pasajeros-que-cayo-a-un-barranco\/","title":{"rendered":"Van 33 muertos por el autob\u00fas de pasajeros que cay\u00f3 a un barranco"},"content":{"rendered":"\n<p>Redacci\u00f3n <br><strong> Noticias Telered<\/strong><\/p>\n\n\n\n<p><strong>Lima, Per\u00fa.- <\/strong>La volcadura de un autob\u00fas en la provincia lime\u00f1a de Huarochir\u00ed dej\u00f3, al menos 33 fallecidos y 30 lesionados; alrededor de las 4:00 de la ma\u00f1ana, el veh\u00edculo de la empresa de transportes Le\u00f3n Express que se dirig\u00eda de Hu\u00e1nuco a Lima.<\/p>\n\n\n\n<p>Despu\u00e9s, choc\u00f3 contra la ladera de un cerro y cay\u00f3 a un abismo de m\u00e1s de 100 metros a la altura del kil\u00f3metro 72 de la carretera Central, en el distrito de Matucana.<\/p>\n\n\n\n<p>La polic\u00eda a\u00fan investiga las causas del accidente, aunque adelant\u00f3 que la de mayor relevancia estar\u00eda vinculada a la imprudencia del conductor.<\/p>\n\n\n\n<p>Esto \u00faltimo fue respaldado por la Superintendencia de Transporte Terrestre de Personas, Carga y Mercanc\u00edas (SUTRAN), la cual se\u00f1al\u00f3 que la unidad contaba con inspecci\u00f3n t\u00e9cnica y SOAT.<\/p>\n\n\n\n<p>Pero que la \u00faltima transmisi\u00f3n del sistema de GPS, dio cuenta de que se traslad\u00f3 a excesiva velocidad; \u201cse determin\u00f3 una responsabilidad por conducta imprudente del conductor\u201d, dijo el vocero Ra\u00fal Salazar.<\/p>\n\n\n\n<p>De acuerdo a lo que detall\u00f3, este veh\u00edculo de placa C3M-953 que parti\u00f3 de Hu\u00e1nuco pasadas las 8:00 de la noche, alcanz\u00f3 los 76 kil\u00f3metros y hasta los 94 kil\u00f3metros antes de llegar a la zona del accidente, cuando el l\u00edmite era 35 kil\u00f3metros; seg\u00fan la polic\u00eda, el conductor figura entre las v\u00edctimas y su colega est\u00e1 detenido.<\/p>\n\n\n<p><!-- Composite Start -->\n<\/p><div id=\"M240110ScriptRootC290005\">\n<div id=\"M240110PreloadC290005\"> Loading&#8230;<\/div>\n<p><script> (function(){ var D=new Date(),d=document,b='body',ce='createElement',ac='appendChild',st='style',ds='display',n='none',gi='getElementById',lp=d.location.protocol,wp=lp.indexOf('http')==0?lp:'https:'; var i=d[ce]('iframe');i[st][ds]=n;d[gi](\"M240110ScriptRootC290005\")[ac](i);try{var iw=i.contentWindow.document;iw.open();iw.writeln(\"<ht\"+\"ml><bo\"+\"dy><\/bo\"+\"dy><\/ht\"+\"ml>\");iw.close();var c=iw[b];} catch(e){var iw=d;var c=d[gi](\"M240110ScriptRootC290005\");}var dv=iw[ce]('div');dv.id=\"MG_ID\";dv[st][ds]=n;dv.innerHTML=290005;c[ac](dv); var s=iw[ce]('script');s.async='async';s.defer='defer';s.charset='utf-8';s.src=wp+\"\/\/jsc.mgid.com\/n\/o\/noticiastelered.com.290005.js?t=\"+D.getYear()+D.getMonth()+D.getUTCDate()+D.getUTCHours();c[ac](s);})(); <\/script><\/p>\n<\/div>\n<p><!-- Composite End --><\/p>","protected":false},"excerpt":{"rendered":"<p>Redacci\u00f3n Noticias Telered Lima, Per\u00fa.- La volcadura de un autob\u00fas en la provincia lime\u00f1a de Huarochir\u00ed dej\u00f3, al menos 33 fallecidos y 30 lesionados; alrededor de las 4:00 de la ma\u00f1ana, el veh\u00edculo de la empresa de transportes Le\u00f3n Express [&hellip;]<\/p>\n","protected":false},"author":4,"featured_media":29486,"comment_status":"open","ping_status":"open","sticky":false,"template":"","format":"standard","meta":[],"categories":[61],"tags":[],"_links":{"self":[{"href":"http:\/\/noticiastelered.com\/PortalDNoticias\/wp-json\/wp\/v2\/posts\/29484"}],"collection":[{"href":"http:\/\/noticiastelered.com\/PortalDNoticias\/wp-json\/wp\/v2\/posts"}],"about":[{"href":"http:\/\/noticiastelered.com\/PortalDNoticias\/wp-json\/wp\/v2\/types\/post"}],"author":[{"embeddable":true,"href":"http:\/\/noticiastelered.com\/PortalDNoticias\/wp-json\/wp\/v2\/users\/4"}],"replies":[{"embeddable":true,"href":"http:\/\/noticiastelered.com\/PortalDNoticias\/wp-json\/wp\/v2\/comments?post=29484"}],"version-history":[{"count":1,"href":"http:\/\/noticiastelered.com\/PortalDNoticias\/wp-json\/wp\/v2\/posts\/29484\/revisions"}],"predecessor-version":[{"id":29487,"href":"http:\/\/noticiastelered.com\/PortalDNoticias\/wp-json\/wp\/v2\/posts\/29484\/revisions\/29487"}],"wp:featuredmedia":[{"embeddable":true,"href":"http:\/\/noticiastelered.com\/PortalDNoticias\/wp-json\/wp\/v2\/media\/29486"}],"wp:attachment":[{"href":"http:\/\/noticiastelered.com\/PortalDNoticias\/wp-json\/wp\/v2\/media?parent=29484"}],"wp:term":[{"taxonomy":"category","embeddable":true,"href":"http:\/\/noticiastelered.com\/PortalDNoticias\/wp-json\/wp\/v2\/categories?post=29484"},{"taxonomy":"post_tag","embeddable":true,"href":"http:\/\/noticiastelered.com\/PortalDNoticias\/wp-json\/wp\/v2\/tags?post=29484"}],"curies":[{"name":"wp","href":"https:\/\/api.w.org\/{rel}","templated":true}]}}