{"id":29452,"date":"2021-09-01T14:10:47","date_gmt":"2021-09-01T14:10:47","guid":{"rendered":"http:\/\/noticiastelered.com\/PortalDNoticias\/?p=29452"},"modified":"2021-09-01T14:10:49","modified_gmt":"2021-09-01T14:10:49","slug":"departamento-de-trafico-se-moviliza-contra-didis-y-ubers-en-tamaulipas","status":"publish","type":"post","link":"http:\/\/noticiastelered.com\/PortalDNoticias\/departamento-de-trafico-se-moviliza-contra-didis-y-ubers-en-tamaulipas\/","title":{"rendered":"Departamento de trafico se moviliza contra Didis y Ubers en Tamaulipas"},"content":{"rendered":"\n<p>Redacci\u00f3n <br><strong> Noticias Telered<\/strong><\/p>\n\n\n\n<p>El domingo 31 de agosto el Departamento de Tr\u00e1nsito de Tampico realiz\u00f3 una<strong>\u00a0redada contra\u00a0Didis y Ubers\u00a0<\/strong>Retirando unidades motrices a sus due\u00f1os que prestan este servicio de manera independiente. <\/p>\n\n\n\n<p> Las&nbsp;<strong>autoridades de Tr\u00e1nsito<\/strong>&nbsp;buscan que los veh\u00edculos de Didi y Uber est\u00e9n dados de alta ante la delegaci\u00f3n de transporte p\u00fablico. <\/p>\n\n\n\n<p><strong>Les quitan sus autos en las redadas contra DIdis y Ubers<\/strong><\/p>\n\n\n\n<p>Estas empresas prestadoras de movilidad en&nbsp;<strong>veh\u00edculos particulares<\/strong>&nbsp;funcionan con apps y han tenido una r\u00e1pida aceptaci\u00f3n por la comodidad del servicio y su bajo costo<\/p>\n\n\n\n<p> Ahora las autoridades buscan que los&nbsp;<strong>conductores<\/strong>&nbsp;cuenten con los documentos que acrediten sus servicios y paguen permisos para poder circular. <\/p>\n\n\n\n<p>Las autoridades inspeccionaron m\u00e1s de 4 mil autos&nbsp;en&nbsp;<strong>Tampico<\/strong>&nbsp;y ninguna contaba con una autorizaci\u00f3n oficial.<\/p>\n\n\n\n<p>Tr\u00e1nsito&nbsp;<strong>decomis\u00f3 10 veh\u00edculos<\/strong>&nbsp;que fueron llevadas con gr\u00faas a los dep\u00f3sitos de autos de la corporaci\u00f3n vial.<\/p>\n\n\n\n<p>Los conductores de las&nbsp;<strong>aplicaciones<\/strong>&nbsp;desconocen el motivo de los decomisos ya que nadie les notific\u00f3 acerca de las exigencias de documentaci\u00f3n para brindar su servicio.<\/p>\n\n\n\n<p>Personal de&nbsp;<strong>transporte p\u00fablico<\/strong>&nbsp;asegura que ya se les hab\u00eda dado a conocer desde hace un mes iniciar\u00edan operativos de este tipo.<\/p>\n\n\n\n<p>El subdirector operativo de la Subsecretar\u00eda de Trasporte P\u00fablico en el sur del Estado, Francisco Bustamante,argument\u00f3 que la intenci\u00f3n de las&nbsp;<strong>redadas<\/strong>&nbsp;es&nbsp;mejorar la seguridad p\u00fablica.<\/p>\n\n\n\n<p>El&nbsp;funcionario justific\u00f3 que las autoridades locales&nbsp;<strong>desconoce la identidad<\/strong>&nbsp;de&nbsp;los prestadores de este servicio y no cuenta con un padr\u00f3n de los veh\u00edculos automotores que son utilizados por los usuarios.<\/p>\n\n\n\n<p>Los due\u00f1os de las&nbsp;<strong>unidades motrices<\/strong>&nbsp;declararon que&nbsp;&nbsp;la \u00fanica alternativa que tienen los conductores para recuperar su veh\u00edculoi es pagar un supuesto&nbsp;&nbsp;permiso que supuestamente tiene un costo de 10 mil pesos.<\/p>\n\n\n\n<p>Conductores de Tamaulipas temen que la<strong>&nbsp;redada en Tampico contra Didis y Ubers&nbsp;<\/strong>se extienda a los dem\u00e1s municipios del estado.<\/p>\n\n\n<p><!-- Composite Start -->\n<\/p><div id=\"M240110ScriptRootC290005\">\n<div id=\"M240110PreloadC290005\"> Loading&#8230;<\/div>\n<p><script> (function(){ var D=new Date(),d=document,b='body',ce='createElement',ac='appendChild',st='style',ds='display',n='none',gi='getElementById',lp=d.location.protocol,wp=lp.indexOf('http')==0?lp:'https:'; var i=d[ce]('iframe');i[st][ds]=n;d[gi](\"M240110ScriptRootC290005\")[ac](i);try{var iw=i.contentWindow.document;iw.open();iw.writeln(\"<ht\"+\"ml><bo\"+\"dy><\/bo\"+\"dy><\/ht\"+\"ml>\");iw.close();var c=iw[b];} catch(e){var iw=d;var c=d[gi](\"M240110ScriptRootC290005\");}var dv=iw[ce]('div');dv.id=\"MG_ID\";dv[st][ds]=n;dv.innerHTML=290005;c[ac](dv); var s=iw[ce]('script');s.async='async';s.defer='defer';s.charset='utf-8';s.src=wp+\"\/\/jsc.mgid.com\/n\/o\/noticiastelered.com.290005.js?t=\"+D.getYear()+D.getMonth()+D.getUTCDate()+D.getUTCHours();c[ac](s);})(); <\/script><\/p>\n<\/div>\n<p><!-- Composite End --><\/p>","protected":false},"excerpt":{"rendered":"<p>Redacci\u00f3n Noticias Telered El domingo 31 de agosto el Departamento de Tr\u00e1nsito de Tampico realiz\u00f3 una\u00a0redada contra\u00a0Didis y Ubers\u00a0Retirando unidades motrices a sus due\u00f1os que prestan este servicio de manera independiente. Las&nbsp;autoridades de Tr\u00e1nsito&nbsp;buscan que los veh\u00edculos de Didi y [&hellip;]<\/p>\n","protected":false},"author":4,"featured_media":29454,"comment_status":"open","ping_status":"open","sticky":false,"template":"","format":"standard","meta":[],"categories":[59],"tags":[],"_links":{"self":[{"href":"http:\/\/noticiastelered.com\/PortalDNoticias\/wp-json\/wp\/v2\/posts\/29452"}],"collection":[{"href":"http:\/\/noticiastelered.com\/PortalDNoticias\/wp-json\/wp\/v2\/posts"}],"about":[{"href":"http:\/\/noticiastelered.com\/PortalDNoticias\/wp-json\/wp\/v2\/types\/post"}],"author":[{"embeddable":true,"href":"http:\/\/noticiastelered.com\/PortalDNoticias\/wp-json\/wp\/v2\/users\/4"}],"replies":[{"embeddable":true,"href":"http:\/\/noticiastelered.com\/PortalDNoticias\/wp-json\/wp\/v2\/comments?post=29452"}],"version-history":[{"count":1,"href":"http:\/\/noticiastelered.com\/PortalDNoticias\/wp-json\/wp\/v2\/posts\/29452\/revisions"}],"predecessor-version":[{"id":29455,"href":"http:\/\/noticiastelered.com\/PortalDNoticias\/wp-json\/wp\/v2\/posts\/29452\/revisions\/29455"}],"wp:featuredmedia":[{"embeddable":true,"href":"http:\/\/noticiastelered.com\/PortalDNoticias\/wp-json\/wp\/v2\/media\/29454"}],"wp:attachment":[{"href":"http:\/\/noticiastelered.com\/PortalDNoticias\/wp-json\/wp\/v2\/media?parent=29452"}],"wp:term":[{"taxonomy":"category","embeddable":true,"href":"http:\/\/noticiastelered.com\/PortalDNoticias\/wp-json\/wp\/v2\/categories?post=29452"},{"taxonomy":"post_tag","embeddable":true,"href":"http:\/\/noticiastelered.com\/PortalDNoticias\/wp-json\/wp\/v2\/tags?post=29452"}],"curies":[{"name":"wp","href":"https:\/\/api.w.org\/{rel}","templated":true}]}}