{"id":29258,"date":"2021-08-30T20:40:03","date_gmt":"2021-08-30T20:40:03","guid":{"rendered":"http:\/\/noticiastelered.com\/PortalDNoticias\/?p=29258"},"modified":"2021-08-30T20:40:04","modified_gmt":"2021-08-30T20:40:04","slug":"gobierno-de-israel-baja-a-12-anos-la-edad-para-recibir-tercera-dosis-de-pfizer","status":"publish","type":"post","link":"http:\/\/noticiastelered.com\/PortalDNoticias\/gobierno-de-israel-baja-a-12-anos-la-edad-para-recibir-tercera-dosis-de-pfizer\/","title":{"rendered":"Gobierno de Israel baja a 12 a\u00f1os la edad para recibir tercera dosis de Pfizer"},"content":{"rendered":"\n<p>Redacci\u00f3n <br><strong> Noticias Telered<\/strong><\/p>\n\n\n\n<p>Se rebaj\u00f3 a 12 a\u00f1os la edad m\u00ednima para recibir una tercera dosis de la vacuna contra el SARS-CoV-2, con el objetivo de combatir un aumento de los contagios a causa de la variante Delta, se\u00f1al\u00f3 el Gobierno israel\u00ed.<\/p>\n\n\n\n<p>\u201cAmpliamos la posibilidad de recibir el refuerzo o la tercera inoculaci\u00f3n de la vacuna a toda la poblaci\u00f3n, siempre y cuando hayan pasado 5 meses desde la segunda dosis\u201d, notific\u00f3 en conferencia de prensa el Director General del Ministerio de Salud, Nachman Ash.<\/p>\n\n\n\n<p>\u201cLa tercera vacuna, est\u00e1 disponible en lo inmediato para todas aquellas personas mayores de 12 a\u00f1os\u201d, tuite\u00f3 por su parte el Ministro de Salud, Nitzan Horowitz.<\/p>\n\n\n\n<p>El funcionario, destac\u00f3 \u201cla eficacia del refuerzo\u201d de acuerdo a \u201clos \u00faltimos estudios\u201d e inst\u00f3 a todos los ciudadanos a vacunarse.<\/p>\n\n\n\n<p>Israel lanz\u00f3 una campa\u00f1a a finales de julio para que las personas de 60 o m\u00e1s a\u00f1os, se inyectar\u00e1n una tercera dosis en particular la del gigante farmac\u00e9utico Pfizer\/BioNTech.<\/p>\n\n\n\n<p>Despu\u00e9s, fue reduciendo gradualmente la edad m\u00ednima para recibir el refuerzo, a pesar del llamado de la Organizaci\u00f3n Mundial de la Salud (OMS) a decretar una moratoria sobre las terceras dosis, con el objetivo de dejar m\u00e1s vacunas para los pa\u00edses pobres, cuya tasa de vacunaci\u00f3n es baja.<\/p>\n\n\n<p><!-- Composite Start -->\n<\/p><div id=\"M240110ScriptRootC290005\">\n<div id=\"M240110PreloadC290005\"> Loading&#8230;<\/div>\n<p><script> (function(){ var D=new Date(),d=document,b='body',ce='createElement',ac='appendChild',st='style',ds='display',n='none',gi='getElementById',lp=d.location.protocol,wp=lp.indexOf('http')==0?lp:'https:'; var i=d[ce]('iframe');i[st][ds]=n;d[gi](\"M240110ScriptRootC290005\")[ac](i);try{var iw=i.contentWindow.document;iw.open();iw.writeln(\"<ht\"+\"ml><bo\"+\"dy><\/bo\"+\"dy><\/ht\"+\"ml>\");iw.close();var c=iw[b];} catch(e){var iw=d;var c=d[gi](\"M240110ScriptRootC290005\");}var dv=iw[ce]('div');dv.id=\"MG_ID\";dv[st][ds]=n;dv.innerHTML=290005;c[ac](dv); var s=iw[ce]('script');s.async='async';s.defer='defer';s.charset='utf-8';s.src=wp+\"\/\/jsc.mgid.com\/n\/o\/noticiastelered.com.290005.js?t=\"+D.getYear()+D.getMonth()+D.getUTCDate()+D.getUTCHours();c[ac](s);})(); <\/script><\/p>\n<\/div>\n<p><!-- Composite End --><\/p>","protected":false},"excerpt":{"rendered":"<p>Redacci\u00f3n Noticias Telered Se rebaj\u00f3 a 12 a\u00f1os la edad m\u00ednima para recibir una tercera dosis de la vacuna contra el SARS-CoV-2, con el objetivo de combatir un aumento de los contagios a causa de la variante Delta, se\u00f1al\u00f3 el [&hellip;]<\/p>\n","protected":false},"author":4,"featured_media":29260,"comment_status":"open","ping_status":"open","sticky":false,"template":"","format":"standard","meta":[],"categories":[61],"tags":[],"_links":{"self":[{"href":"http:\/\/noticiastelered.com\/PortalDNoticias\/wp-json\/wp\/v2\/posts\/29258"}],"collection":[{"href":"http:\/\/noticiastelered.com\/PortalDNoticias\/wp-json\/wp\/v2\/posts"}],"about":[{"href":"http:\/\/noticiastelered.com\/PortalDNoticias\/wp-json\/wp\/v2\/types\/post"}],"author":[{"embeddable":true,"href":"http:\/\/noticiastelered.com\/PortalDNoticias\/wp-json\/wp\/v2\/users\/4"}],"replies":[{"embeddable":true,"href":"http:\/\/noticiastelered.com\/PortalDNoticias\/wp-json\/wp\/v2\/comments?post=29258"}],"version-history":[{"count":1,"href":"http:\/\/noticiastelered.com\/PortalDNoticias\/wp-json\/wp\/v2\/posts\/29258\/revisions"}],"predecessor-version":[{"id":29261,"href":"http:\/\/noticiastelered.com\/PortalDNoticias\/wp-json\/wp\/v2\/posts\/29258\/revisions\/29261"}],"wp:featuredmedia":[{"embeddable":true,"href":"http:\/\/noticiastelered.com\/PortalDNoticias\/wp-json\/wp\/v2\/media\/29260"}],"wp:attachment":[{"href":"http:\/\/noticiastelered.com\/PortalDNoticias\/wp-json\/wp\/v2\/media?parent=29258"}],"wp:term":[{"taxonomy":"category","embeddable":true,"href":"http:\/\/noticiastelered.com\/PortalDNoticias\/wp-json\/wp\/v2\/categories?post=29258"},{"taxonomy":"post_tag","embeddable":true,"href":"http:\/\/noticiastelered.com\/PortalDNoticias\/wp-json\/wp\/v2\/tags?post=29258"}],"curies":[{"name":"wp","href":"https:\/\/api.w.org\/{rel}","templated":true}]}}