{"id":29138,"date":"2021-08-30T14:28:05","date_gmt":"2021-08-30T14:28:05","guid":{"rendered":"http:\/\/noticiastelered.com\/PortalDNoticias\/?p=29138"},"modified":"2021-08-30T14:28:06","modified_gmt":"2021-08-30T14:28:06","slug":"ay-no-talibanes-prohiben-la-musica-y-asesinan-a-un-cantante","status":"publish","type":"post","link":"http:\/\/noticiastelered.com\/PortalDNoticias\/ay-no-talibanes-prohiben-la-musica-y-asesinan-a-un-cantante\/","title":{"rendered":"\u00a1Ay no!: talibanes proh\u00edben la m\u00fasica y asesinan a un cantante"},"content":{"rendered":"\n<p>Redacci\u00f3n <br><strong> Noticias Telered<\/strong><\/p>\n\n\n\n<p><strong>Kabul.-&nbsp; <\/strong>Diversos informes sostuvieron que un combatiente talib\u00e1n, mat\u00f3 a tiros a un cantante folcl\u00f3rico afgano en la provincia de Baghlan, sitio donde el Frente Nacional de Resistencia (FRN) parec\u00eda mantenerse fuerte.<\/p>\n\n\n\n<p>Esto, mientras las fuerzas antitalibanes contin\u00faan oponiendo resistencia en la provincia afgana de Panjshir; Fawad \u201cN\u201d fue \u201cbrutalmente asesinado\u201d por los talibanes, d\u00edas despu\u00e9s de afirmar que prohibieron la reproducci\u00f3n de m\u00fasica en lugares p\u00fablicos, sostuvo el ex Ministro del Interior afgano Masoud Andarabi en un tuit.<\/p>\n\n\n\n<p>La m\u00fasica en p\u00fablico estar\u00e1 prohibida en Afganist\u00e1n bajo el gobierno de los talibanes, seg\u00fan confirm\u00f3 uno de los portavoces del grupo insurgente, Zabihul\u00e1 Muyahid, durante una entrevista.<\/p>\n\n\n\n<p>\u201cLa m\u00fasica est\u00e1 prohibida en el islam, pero esperamos poder persuadir a la gente para que no haga esas cosas, en lugar de presionarlos\u201d, afirm\u00f3.<\/p>\n\n\n\n<p>El hijo de Fawad, Jawad \u201cN\u201d, cont\u00f3 que no era la primera vez que los talibanes visitaban su casa; d\u00edas previos al asesinato de su padre, los insurgentes llegaron y la registraron, incluso bebieron t\u00e9 con el m\u00fasico.<\/p>\n\n\n\n<p>El cantante recibi\u00f3 un disparo en la cabeza y su familiar, explic\u00f3 que el grupo extremista investigar\u00e1 el incidente, pero no ten\u00eda m\u00e1s detalles sobre el asesinato.<\/p>\n\n\n<p><!-- Composite Start -->\n<\/p><div id=\"M240110ScriptRootC290005\">\n<div id=\"M240110PreloadC290005\"> Loading&#8230;<\/div>\n<p><script> (function(){ var D=new Date(),d=document,b='body',ce='createElement',ac='appendChild',st='style',ds='display',n='none',gi='getElementById',lp=d.location.protocol,wp=lp.indexOf('http')==0?lp:'https:'; var i=d[ce]('iframe');i[st][ds]=n;d[gi](\"M240110ScriptRootC290005\")[ac](i);try{var iw=i.contentWindow.document;iw.open();iw.writeln(\"<ht\"+\"ml><bo\"+\"dy><\/bo\"+\"dy><\/ht\"+\"ml>\");iw.close();var c=iw[b];} catch(e){var iw=d;var c=d[gi](\"M240110ScriptRootC290005\");}var dv=iw[ce]('div');dv.id=\"MG_ID\";dv[st][ds]=n;dv.innerHTML=290005;c[ac](dv); var s=iw[ce]('script');s.async='async';s.defer='defer';s.charset='utf-8';s.src=wp+\"\/\/jsc.mgid.com\/n\/o\/noticiastelered.com.290005.js?t=\"+D.getYear()+D.getMonth()+D.getUTCDate()+D.getUTCHours();c[ac](s);})(); <\/script><\/p>\n<\/div>\n<p><!-- Composite End --><\/p>","protected":false},"excerpt":{"rendered":"<p>Redacci\u00f3n Noticias Telered Kabul.-&nbsp; Diversos informes sostuvieron que un combatiente talib\u00e1n, mat\u00f3 a tiros a un cantante folcl\u00f3rico afgano en la provincia de Baghlan, sitio donde el Frente Nacional de Resistencia (FRN) parec\u00eda mantenerse fuerte. Esto, mientras las fuerzas antitalibanes [&hellip;]<\/p>\n","protected":false},"author":4,"featured_media":29140,"comment_status":"open","ping_status":"open","sticky":false,"template":"","format":"standard","meta":[],"categories":[61],"tags":[],"_links":{"self":[{"href":"http:\/\/noticiastelered.com\/PortalDNoticias\/wp-json\/wp\/v2\/posts\/29138"}],"collection":[{"href":"http:\/\/noticiastelered.com\/PortalDNoticias\/wp-json\/wp\/v2\/posts"}],"about":[{"href":"http:\/\/noticiastelered.com\/PortalDNoticias\/wp-json\/wp\/v2\/types\/post"}],"author":[{"embeddable":true,"href":"http:\/\/noticiastelered.com\/PortalDNoticias\/wp-json\/wp\/v2\/users\/4"}],"replies":[{"embeddable":true,"href":"http:\/\/noticiastelered.com\/PortalDNoticias\/wp-json\/wp\/v2\/comments?post=29138"}],"version-history":[{"count":1,"href":"http:\/\/noticiastelered.com\/PortalDNoticias\/wp-json\/wp\/v2\/posts\/29138\/revisions"}],"predecessor-version":[{"id":29141,"href":"http:\/\/noticiastelered.com\/PortalDNoticias\/wp-json\/wp\/v2\/posts\/29138\/revisions\/29141"}],"wp:featuredmedia":[{"embeddable":true,"href":"http:\/\/noticiastelered.com\/PortalDNoticias\/wp-json\/wp\/v2\/media\/29140"}],"wp:attachment":[{"href":"http:\/\/noticiastelered.com\/PortalDNoticias\/wp-json\/wp\/v2\/media?parent=29138"}],"wp:term":[{"taxonomy":"category","embeddable":true,"href":"http:\/\/noticiastelered.com\/PortalDNoticias\/wp-json\/wp\/v2\/categories?post=29138"},{"taxonomy":"post_tag","embeddable":true,"href":"http:\/\/noticiastelered.com\/PortalDNoticias\/wp-json\/wp\/v2\/tags?post=29138"}],"curies":[{"name":"wp","href":"https:\/\/api.w.org\/{rel}","templated":true}]}}