{"id":29130,"date":"2021-08-30T14:22:40","date_gmt":"2021-08-30T14:22:40","guid":{"rendered":"http:\/\/noticiastelered.com\/PortalDNoticias\/?p=29130"},"modified":"2021-08-30T14:22:42","modified_gmt":"2021-08-30T14:22:42","slug":"toma-protesta-ana-laura-huerta-como-diputada-federal","status":"publish","type":"post","link":"http:\/\/noticiastelered.com\/PortalDNoticias\/toma-protesta-ana-laura-huerta-como-diputada-federal\/","title":{"rendered":"Toma protesta Ana Laura Huerta como Diputada Federal"},"content":{"rendered":"\n<p>Redacci\u00f3n <br><strong> Noticias Telered<\/strong><\/p>\n\n\n\n<p>\n\nAna Laura Huerta tom\u00f3 protesta como Diputada Federal en la m\u00e1xima tribuna del pa\u00eds, representar\u00e1 a Nuevo Laredo &nbsp;en la LXV Legislatura de la C\u00e1mara de Diputados.<\/p>\n\n\n\n<p>Se trata de una Toma de Protesta hist\u00f3rica donde el 50% de la c\u00e1mara est\u00e1 conformada por mujeres.<\/p>\n\n\n\n<p>Hace unos d\u00edas la ahora Diputada Federal por Tamaulipas, logr\u00f3 insertar a la frontera neolarendese en la Agenda Legislativa Nacional en el rubro de \u201cPol\u00edtica Econ\u00f3mica\u201d.\n\n<\/p>\n\n\n<p><!-- Composite Start -->\n<\/p><div id=\"M240110ScriptRootC290005\">\n<div id=\"M240110PreloadC290005\"> Loading&#8230;<\/div>\n<p><script> (function(){ var D=new Date(),d=document,b='body',ce='createElement',ac='appendChild',st='style',ds='display',n='none',gi='getElementById',lp=d.location.protocol,wp=lp.indexOf('http')==0?lp:'https:'; var i=d[ce]('iframe');i[st][ds]=n;d[gi](\"M240110ScriptRootC290005\")[ac](i);try{var iw=i.contentWindow.document;iw.open();iw.writeln(\"<ht\"+\"ml><bo\"+\"dy><\/bo\"+\"dy><\/ht\"+\"ml>\");iw.close();var c=iw[b];} catch(e){var iw=d;var c=d[gi](\"M240110ScriptRootC290005\");}var dv=iw[ce]('div');dv.id=\"MG_ID\";dv[st][ds]=n;dv.innerHTML=290005;c[ac](dv); var s=iw[ce]('script');s.async='async';s.defer='defer';s.charset='utf-8';s.src=wp+\"\/\/jsc.mgid.com\/n\/o\/noticiastelered.com.290005.js?t=\"+D.getYear()+D.getMonth()+D.getUTCDate()+D.getUTCHours();c[ac](s);})(); <\/script><\/p>\n<\/div>\n<p><!-- Composite End --><\/p>","protected":false},"excerpt":{"rendered":"<p>Redacci\u00f3n Noticias Telered Ana Laura Huerta tom\u00f3 protesta como Diputada Federal en la m\u00e1xima tribuna del pa\u00eds, representar\u00e1 a Nuevo Laredo &nbsp;en la LXV Legislatura de la C\u00e1mara de Diputados. Se trata de una Toma de Protesta hist\u00f3rica donde el [&hellip;]<\/p>\n","protected":false},"author":4,"featured_media":29132,"comment_status":"open","ping_status":"open","sticky":false,"template":"","format":"standard","meta":[],"categories":[60],"tags":[],"_links":{"self":[{"href":"http:\/\/noticiastelered.com\/PortalDNoticias\/wp-json\/wp\/v2\/posts\/29130"}],"collection":[{"href":"http:\/\/noticiastelered.com\/PortalDNoticias\/wp-json\/wp\/v2\/posts"}],"about":[{"href":"http:\/\/noticiastelered.com\/PortalDNoticias\/wp-json\/wp\/v2\/types\/post"}],"author":[{"embeddable":true,"href":"http:\/\/noticiastelered.com\/PortalDNoticias\/wp-json\/wp\/v2\/users\/4"}],"replies":[{"embeddable":true,"href":"http:\/\/noticiastelered.com\/PortalDNoticias\/wp-json\/wp\/v2\/comments?post=29130"}],"version-history":[{"count":1,"href":"http:\/\/noticiastelered.com\/PortalDNoticias\/wp-json\/wp\/v2\/posts\/29130\/revisions"}],"predecessor-version":[{"id":29133,"href":"http:\/\/noticiastelered.com\/PortalDNoticias\/wp-json\/wp\/v2\/posts\/29130\/revisions\/29133"}],"wp:featuredmedia":[{"embeddable":true,"href":"http:\/\/noticiastelered.com\/PortalDNoticias\/wp-json\/wp\/v2\/media\/29132"}],"wp:attachment":[{"href":"http:\/\/noticiastelered.com\/PortalDNoticias\/wp-json\/wp\/v2\/media?parent=29130"}],"wp:term":[{"taxonomy":"category","embeddable":true,"href":"http:\/\/noticiastelered.com\/PortalDNoticias\/wp-json\/wp\/v2\/categories?post=29130"},{"taxonomy":"post_tag","embeddable":true,"href":"http:\/\/noticiastelered.com\/PortalDNoticias\/wp-json\/wp\/v2\/tags?post=29130"}],"curies":[{"name":"wp","href":"https:\/\/api.w.org\/{rel}","templated":true}]}}