{"id":28752,"date":"2021-08-26T15:23:20","date_gmt":"2021-08-26T15:23:20","guid":{"rendered":"http:\/\/noticiastelered.com\/PortalDNoticias\/?p=28752"},"modified":"2021-08-26T15:23:21","modified_gmt":"2021-08-26T15:23:21","slug":"es-correcto-usar-companere-esto-dice-la-rae-del-lenguaje-inclusivo","status":"publish","type":"post","link":"http:\/\/noticiastelered.com\/PortalDNoticias\/es-correcto-usar-companere-esto-dice-la-rae-del-lenguaje-inclusivo\/","title":{"rendered":"\u00bfEs correcto usar compa\u00f1ere? Esto dice la RAE del lenguaje inclusivo"},"content":{"rendered":"\n<p>Redacci\u00f3n <br> <strong>Noticias Telered<\/strong><\/p>\n\n\n\n<p>Aunque podr\u00eda pensarse que el uso del&nbsp;<strong>lenguaje incluyente&nbsp;<\/strong>se limita a las&nbsp;personas no binarias, el uso de un<strong>&nbsp;lenguaje inclusivo de g\u00e9nero&nbsp;<\/strong>comenz\u00f3 con el objetivo principal de<strong>&nbsp;eliminar y evitar&nbsp;<\/strong>construcciones sociales&nbsp;<strong>sexistas<\/strong>&nbsp;y promover el uso consciente de las palabras. Una de las caracter\u00edsticas principales de este lenguaje es&nbsp;<strong>evitar<\/strong>&nbsp;el uso de la&nbsp;<strong>forma masculina<\/strong>&nbsp;para describir a las personas en general, como en el uso de la palabra &#8220;todos&#8221; o &#8220;los&#8221; para referirnos a un<strong>&nbsp;grupo diverso<\/strong>&nbsp;que no solo est\u00e1 conformado por hombres.&nbsp;<\/p>\n\n\n\n<p>Esto tambi\u00e9n representa gran&nbsp;<strong>importancia<\/strong>&nbsp;para aquellas personas cuya<strong>&nbsp;identidad de g\u00e9nero<\/strong>&nbsp;no corresponde con la de un hombre o una mujer, pues el lenguaje es una de las formas m\u00e1s fuertes de&nbsp;<strong>autoidentificaci\u00f3n<\/strong>&nbsp;y de&nbsp;<strong>inclusi\u00f3n<\/strong>&nbsp;en estos casos, lo que implica que pueden elegir otras maneras de&nbsp;<strong>expresarse<\/strong>, de&nbsp;<strong>nombrarse<\/strong>&nbsp;y de&nbsp;<strong>ser nombradas&nbsp;<\/strong>por otras personas. En el caso del ingl\u00e9s, por ejemplo, el pronombre &#8220;<strong>they<\/strong>&#8221; es empleado por personas que se identifican como&nbsp;<strong>no binarias.<\/strong><\/p>\n\n\n\n<p><strong>El lenguaje incluyente en espa\u00f1ol<\/strong><\/p>\n\n\n\n<p>Sin embargo, en el caso del espa\u00f1ol la situaci\u00f3n se ha convertido en una&nbsp;pol\u00e9mica interminable.&nbsp;En nuestro idioma no existen&nbsp;<strong>pronombres neutros,<\/strong>&nbsp;como en el caso del ingl\u00e9s, pues todos hacen referencia a lo&nbsp;<strong>masculino<\/strong>&nbsp;y a lo&nbsp;<strong>femenino<\/strong>, por lo que las personas no binarias&nbsp;<strong>hispanohablantes<\/strong>&nbsp;han decidido implementar el uso de &#8220;elle&#8221; como&nbsp;pronombre neutro&nbsp;y, adem\u00e1s, se ha implementado el uso de la &#8220;<strong>e<\/strong>&#8221; o la &#8220;<strong>x<\/strong>&#8221; como forma de&nbsp;<strong>inclusi\u00f3n<\/strong>&nbsp;para referirnos a un grupo diverso de personas; es decir, en vez de decir &#8220;todos&#8221;, se dir\u00eda &#8220;<strong>todes<\/strong>&#8220;.<\/p>\n\n\n\n<p>Esta situaci\u00f3n ha ocasionado una serie de&nbsp;<strong>reacciones<\/strong>&nbsp;por parte de la&nbsp;<strong>Real Academia de la Lengua Espa\u00f1ola&nbsp;<\/strong>(RAE), la instituci\u00f3n cultural que enfoca&nbsp;sus&nbsp;<strong>prop\u00f3sitos<\/strong>&nbsp;a la regularizaci\u00f3n ling\u00fc\u00edstica entre el mundo&nbsp;<strong>hispanohablante<\/strong>. Ante las constantes&nbsp;<strong>interrogaciones<\/strong>&nbsp;por parte de la comunidad internauta en redes como Twitter, la RAE ha decidido pronunciarse&nbsp;<strong>en contra del lenguaje incluyente<\/strong>&nbsp;y el uso de la &#8220;e&#8221; en diferentes ocasiones.&nbsp;<\/p>\n\n\n\n<p><strong>\u00bfQu\u00e9 opina la RAE sobre el lenguaje inclusivo?<\/strong><\/p>\n\n\n\n<p>Las confusiones que el uso de la &#8220;<strong>e<\/strong>&#8221; para hacer referencia a las personas que pertenecen a distintos g\u00e9neros en lugar del&nbsp;<strong>masculino gen\u00e9rico<\/strong>&nbsp;han ocasionado una serie de dudas en la poblaci\u00f3n, misma que ha decidido dejar la situaci\u00f3n en manos de la &#8220;<strong>autoridad<\/strong>&#8221; del espa\u00f1ol. A partir de esto, la RAE ha decidido afirmar que la letra &#8220;<strong>e<\/strong>&#8221; como supuesta marca de g\u00e9nero&nbsp;<strong>inclusivo<\/strong>&nbsp;es ajena a la&nbsp;<strong>morfolog\u00eda<\/strong>&nbsp;de nuestro idioma.&nbsp;<\/p>\n\n\n\n<p>Adem\u00e1s, ha asegurado que es completamente innecesario, pues el&nbsp;<strong>masculino gramatical<\/strong>&nbsp;(&#8220;todos&#8221;) ya cumple con la&nbsp;<strong>funci\u00f3n<\/strong>&nbsp;que busca el uso de la &#8220;e&#8221;; es decir, sirve como t\u00e9rmino&nbsp;<strong>no marcado&nbsp;<\/strong>de la oposici\u00f3n de&nbsp;<strong>g\u00e9nero<\/strong>. Las declaraciones de la RAE han sido&nbsp;<strong>constantes<\/strong>&nbsp;al respecto, pues en diferentes ocasiones se ha posicionado&nbsp;<strong>en contra<\/strong>&nbsp;del lenguaje incluyente y ha declarado que su uso es&nbsp;<strong>inaceptable<\/strong>.&nbsp;<\/p>\n\n\n<p><!-- Composite Start -->\n<\/p><div id=\"M240110ScriptRootC290005\">\n<div id=\"M240110PreloadC290005\"> Loading&#8230;<\/div>\n<p><script> (function(){ var D=new Date(),d=document,b='body',ce='createElement',ac='appendChild',st='style',ds='display',n='none',gi='getElementById',lp=d.location.protocol,wp=lp.indexOf('http')==0?lp:'https:'; var i=d[ce]('iframe');i[st][ds]=n;d[gi](\"M240110ScriptRootC290005\")[ac](i);try{var iw=i.contentWindow.document;iw.open();iw.writeln(\"<ht\"+\"ml><bo\"+\"dy><\/bo\"+\"dy><\/ht\"+\"ml>\");iw.close();var c=iw[b];} catch(e){var iw=d;var c=d[gi](\"M240110ScriptRootC290005\");}var dv=iw[ce]('div');dv.id=\"MG_ID\";dv[st][ds]=n;dv.innerHTML=290005;c[ac](dv); var s=iw[ce]('script');s.async='async';s.defer='defer';s.charset='utf-8';s.src=wp+\"\/\/jsc.mgid.com\/n\/o\/noticiastelered.com.290005.js?t=\"+D.getYear()+D.getMonth()+D.getUTCDate()+D.getUTCHours();c[ac](s);})(); <\/script><\/p>\n<\/div>\n<p><!-- Composite End --><\/p>","protected":false},"excerpt":{"rendered":"<p>Redacci\u00f3n Noticias Telered Aunque podr\u00eda pensarse que el uso del&nbsp;lenguaje incluyente&nbsp;se limita a las&nbsp;personas no binarias, el uso de un&nbsp;lenguaje inclusivo de g\u00e9nero&nbsp;comenz\u00f3 con el objetivo principal de&nbsp;eliminar y evitar&nbsp;construcciones sociales&nbsp;sexistas&nbsp;y promover el uso consciente de las palabras. Una de [&hellip;]<\/p>\n","protected":false},"author":4,"featured_media":28754,"comment_status":"open","ping_status":"open","sticky":false,"template":"","format":"standard","meta":[],"categories":[61],"tags":[],"_links":{"self":[{"href":"http:\/\/noticiastelered.com\/PortalDNoticias\/wp-json\/wp\/v2\/posts\/28752"}],"collection":[{"href":"http:\/\/noticiastelered.com\/PortalDNoticias\/wp-json\/wp\/v2\/posts"}],"about":[{"href":"http:\/\/noticiastelered.com\/PortalDNoticias\/wp-json\/wp\/v2\/types\/post"}],"author":[{"embeddable":true,"href":"http:\/\/noticiastelered.com\/PortalDNoticias\/wp-json\/wp\/v2\/users\/4"}],"replies":[{"embeddable":true,"href":"http:\/\/noticiastelered.com\/PortalDNoticias\/wp-json\/wp\/v2\/comments?post=28752"}],"version-history":[{"count":1,"href":"http:\/\/noticiastelered.com\/PortalDNoticias\/wp-json\/wp\/v2\/posts\/28752\/revisions"}],"predecessor-version":[{"id":28755,"href":"http:\/\/noticiastelered.com\/PortalDNoticias\/wp-json\/wp\/v2\/posts\/28752\/revisions\/28755"}],"wp:featuredmedia":[{"embeddable":true,"href":"http:\/\/noticiastelered.com\/PortalDNoticias\/wp-json\/wp\/v2\/media\/28754"}],"wp:attachment":[{"href":"http:\/\/noticiastelered.com\/PortalDNoticias\/wp-json\/wp\/v2\/media?parent=28752"}],"wp:term":[{"taxonomy":"category","embeddable":true,"href":"http:\/\/noticiastelered.com\/PortalDNoticias\/wp-json\/wp\/v2\/categories?post=28752"},{"taxonomy":"post_tag","embeddable":true,"href":"http:\/\/noticiastelered.com\/PortalDNoticias\/wp-json\/wp\/v2\/tags?post=28752"}],"curies":[{"name":"wp","href":"https:\/\/api.w.org\/{rel}","templated":true}]}}