{"id":28740,"date":"2021-08-26T14:55:41","date_gmt":"2021-08-26T14:55:41","guid":{"rendered":"http:\/\/noticiastelered.com\/PortalDNoticias\/?p=28740"},"modified":"2021-08-26T14:55:43","modified_gmt":"2021-08-26T14:55:43","slug":"variante-lambda-llega-a-mexico-detectan-caso-en-colima","status":"publish","type":"post","link":"http:\/\/noticiastelered.com\/PortalDNoticias\/variante-lambda-llega-a-mexico-detectan-caso-en-colima\/","title":{"rendered":"Variante Lambda llega a M\u00e9xico: detectan caso en Colima"},"content":{"rendered":"\n<p>Redacci\u00f3n <br><strong> Noticias Telered<\/strong><\/p>\n\n\n\n<p>La Secretar\u00eda de Salud y Bienestar Social de Colima confirm\u00f3 que el pasado 19 de agosto se detect\u00f3 el primer caso de COVID-19 de la&nbsp;<strong>variante Lambda<\/strong>.<\/p>\n\n\n\n<p>Leticia Delgado Carrillo, directora de la dependencia estatal, indic\u00f3 que con la presencia de&nbsp;<strong>Lambda<\/strong>, suman ya nueve variantes distintas que circulan en la entidad.<\/p>\n\n\n\n<p>Delgado Carrillo detall\u00f3 que hasta el momento, se tienen registrados 96 casos de pacientes con  <br>diversas variantes al virus del SARS-CoV-2, de los cuales el 48 por ciento son de diferentes variantes altamente transmisibles. <\/p>\n\n\n\n<p> \u201cEl riesgo se acrecienta m\u00e1s a\u00fan por la presencia de nuevas variantes en nuestro Estado, se han notificado al momento 96 casos de pacientes con diversas variantes al virus del SARS-CoV-2, de las variantes de inter\u00e9s se ha identificado un solo caso, representa el uno por ciento del total y es la variante&nbsp;<strong>Lamba<\/strong>\u201d, expres\u00f3. <\/p>\n\n\n\n<p><strong>Esto es lo que se sabe de la variante Lambda<\/strong><\/p>\n\n\n\n<p>Registrada por primera vez en Per\u00fa en el 2020, Lambda, o tambi\u00e9n conocida como C.37, est\u00e1 actualmente catalogada por la Organizaci\u00f3n Mundial de la Salud (OMS) como una variante de inter\u00e9s, a diferencia de Alfa, Beta, Gamma y Delta que pertenece a la categor\u00eda de variantes preocupantes.<\/p>\n\n\n\n<p>Acorde con la OMS, esta variante tiene presencia en 40 pa\u00edses regiones y contin\u00faa siendo la variante  predominante en Per\u00fa, sin embargo, no hay indicios de que pueda volverse dominante.<\/p>\n\n\n\n<p>Asimismo, el organismo inform\u00f3 que por el momento no existen razones para que la variante sea considerada de preocupaci\u00f3n, y aclar\u00f3 que no se ha demostrado ser m\u00e1s transmisible.<\/p>\n\n\n\n<p>Actualmente el propio organismo de la salud tiene a Lambda catalogada como variante de inter\u00e9s, sin embargo, se\u00f1al\u00f3 que la variante Delta destaca como la m\u00e1s transmisible entre todas las variantes de preocupaci\u00f3n e inter\u00e9s registradas en el mundo.<\/p>\n\n\n\n<p>La jefa de la c\u00e9lula t\u00e9cnica antiCOVID de la OMS, Mar\u00eda Von Kerkhove, declar\u00f3 que la organizaci\u00f3n est\u00e1 siguiendo esta variante y otras identificadas en colaboraci\u00f3n con una red internacional de expertos.<\/p>\n\n\n\n<p>\n\nPese a que en la actualidad se sigue estudiando con detenimiento, algunos estudios han reportado que Lambda comparte algunas mutaciones con otras variantes del SARS-CoV-2, que la hacen m\u00e1s transmisible en comparaci\u00f3n con la cepa original, pero menos que Delta.\n\n<\/p>\n\n\n<p><!-- Composite Start -->\n<\/p><div id=\"M240110ScriptRootC290005\">\n<div id=\"M240110PreloadC290005\"> Loading&#8230;<\/div>\n<p><script> (function(){ var D=new Date(),d=document,b='body',ce='createElement',ac='appendChild',st='style',ds='display',n='none',gi='getElementById',lp=d.location.protocol,wp=lp.indexOf('http')==0?lp:'https:'; var i=d[ce]('iframe');i[st][ds]=n;d[gi](\"M240110ScriptRootC290005\")[ac](i);try{var iw=i.contentWindow.document;iw.open();iw.writeln(\"<ht\"+\"ml><bo\"+\"dy><\/bo\"+\"dy><\/ht\"+\"ml>\");iw.close();var c=iw[b];} catch(e){var iw=d;var c=d[gi](\"M240110ScriptRootC290005\");}var dv=iw[ce]('div');dv.id=\"MG_ID\";dv[st][ds]=n;dv.innerHTML=290005;c[ac](dv); var s=iw[ce]('script');s.async='async';s.defer='defer';s.charset='utf-8';s.src=wp+\"\/\/jsc.mgid.com\/n\/o\/noticiastelered.com.290005.js?t=\"+D.getYear()+D.getMonth()+D.getUTCDate()+D.getUTCHours();c[ac](s);})(); <\/script><\/p>\n<\/div>\n<p><!-- Composite End --><\/p>","protected":false},"excerpt":{"rendered":"<p>Redacci\u00f3n Noticias Telered La Secretar\u00eda de Salud y Bienestar Social de Colima confirm\u00f3 que el pasado 19 de agosto se detect\u00f3 el primer caso de COVID-19 de la&nbsp;variante Lambda. Leticia Delgado Carrillo, directora de la dependencia estatal, indic\u00f3 que con [&hellip;]<\/p>\n","protected":false},"author":4,"featured_media":28742,"comment_status":"open","ping_status":"open","sticky":false,"template":"","format":"standard","meta":[],"categories":[61,60],"tags":[],"_links":{"self":[{"href":"http:\/\/noticiastelered.com\/PortalDNoticias\/wp-json\/wp\/v2\/posts\/28740"}],"collection":[{"href":"http:\/\/noticiastelered.com\/PortalDNoticias\/wp-json\/wp\/v2\/posts"}],"about":[{"href":"http:\/\/noticiastelered.com\/PortalDNoticias\/wp-json\/wp\/v2\/types\/post"}],"author":[{"embeddable":true,"href":"http:\/\/noticiastelered.com\/PortalDNoticias\/wp-json\/wp\/v2\/users\/4"}],"replies":[{"embeddable":true,"href":"http:\/\/noticiastelered.com\/PortalDNoticias\/wp-json\/wp\/v2\/comments?post=28740"}],"version-history":[{"count":1,"href":"http:\/\/noticiastelered.com\/PortalDNoticias\/wp-json\/wp\/v2\/posts\/28740\/revisions"}],"predecessor-version":[{"id":28743,"href":"http:\/\/noticiastelered.com\/PortalDNoticias\/wp-json\/wp\/v2\/posts\/28740\/revisions\/28743"}],"wp:featuredmedia":[{"embeddable":true,"href":"http:\/\/noticiastelered.com\/PortalDNoticias\/wp-json\/wp\/v2\/media\/28742"}],"wp:attachment":[{"href":"http:\/\/noticiastelered.com\/PortalDNoticias\/wp-json\/wp\/v2\/media?parent=28740"}],"wp:term":[{"taxonomy":"category","embeddable":true,"href":"http:\/\/noticiastelered.com\/PortalDNoticias\/wp-json\/wp\/v2\/categories?post=28740"},{"taxonomy":"post_tag","embeddable":true,"href":"http:\/\/noticiastelered.com\/PortalDNoticias\/wp-json\/wp\/v2\/tags?post=28740"}],"curies":[{"name":"wp","href":"https:\/\/api.w.org\/{rel}","templated":true}]}}