{"id":28720,"date":"2021-08-26T14:18:07","date_gmt":"2021-08-26T14:18:07","guid":{"rendered":"http:\/\/noticiastelered.com\/PortalDNoticias\/?p=28720"},"modified":"2021-08-26T14:18:08","modified_gmt":"2021-08-26T14:18:08","slug":"paparazzi-burla-la-seguridad-y-casi-logra-colarse-al-cuarto-de-vicente-fernandez","status":"publish","type":"post","link":"http:\/\/noticiastelered.com\/PortalDNoticias\/paparazzi-burla-la-seguridad-y-casi-logra-colarse-al-cuarto-de-vicente-fernandez\/","title":{"rendered":"Paparazzi burla la seguridad y casi logra colarse al cuarto de Vicente Fern\u00e1ndez"},"content":{"rendered":"\n<p>Redacci\u00f3n <br><strong> Noticias Telered<\/strong><\/p>\n\n\n\n<p>Se dio a conocer que un paparazzi entro&nbsp;al hospital donde&nbsp;Vicente&nbsp;Fern\u00e1ndez&nbsp;se encuentra internado desde el pasado 8 de julio, e intento colarse hasta la habitaci\u00f3n donde se encuentra el famoso para obtener una fotograf\u00eda, por lo que la cl\u00ednica aument\u00f3 la seguridad en el lugar.<\/p>\n\n\n\n<p>De acuerdo con la informaci\u00f3n que se dio en el programa \u201cHoy\u201d, el hombre fue sorprendido deambulando por el inmueble en busca de tomar una imagen del \u201cCharro&nbsp;de&nbsp;Huentit\u00e1n\u201d.<\/p>\n\n\n\n<p>Pese a que burl\u00f3 la seguridad, el hombre no lleg\u00f3 hasta el lugar donde se encuentra el cantante, por lo que su seguridad no estuvo en riesgo durante este hecho.<\/p>\n\n\n\n<p>\u201cComo ven, est\u00e1 acordonado por completo, hay doble seguridad para evitar que se cole un paparazzi\u201d, detall\u00f3 el reportero Ernesto Buitr\u00f3n, quien inform\u00f3 desde el lugar.<\/p>\n\n\n\n<p>El int\u00e9rprete fue internado en el&nbsp;Hospital&nbsp;Country2000&nbsp;de&nbsp;Guadalajara. Desde que ocurri\u00f3 esto, la administraci\u00f3n del hospital y la familia Fern\u00e1ndez pidieron respeto al paciente para evitar que se contagie de&nbsp;coronavirus.<\/p>\n\n\n\n<p>Por esta raz\u00f3n, las personas cercanas a \u00e9l no han hecho ninguna declaraci\u00f3n frente a las c\u00e1maras y solamente han brindado informaci\u00f3n sobre el avance de la condici\u00f3n del int\u00e9rprete a trav\u00e9s de las redes sociales.<\/p>\n\n\n\n<p>El cantante se encuentra en el grupo de mayor riesgo ante el coronavirus, ya que adem\u00e1s de&nbsp;obesidad&nbsp;est\u00e1 en la tercera edad y adem\u00e1s fue paciente de&nbsp;c\u00e1ncer&nbsp;de&nbsp;pr\u00f3stata,&nbsp;enfermedad a la cual venci\u00f3. Adem\u00e1s de esto, se recuper\u00f3 de una&nbsp;trombosis, lo cual lo hace estar en un grupo de riesgo particular.<\/p>\n\n\n<p><!-- Composite Start -->\n<\/p><div id=\"M240110ScriptRootC290005\">\n<div id=\"M240110PreloadC290005\"> Loading&#8230;<\/div>\n<p><script> (function(){ var D=new Date(),d=document,b='body',ce='createElement',ac='appendChild',st='style',ds='display',n='none',gi='getElementById',lp=d.location.protocol,wp=lp.indexOf('http')==0?lp:'https:'; var i=d[ce]('iframe');i[st][ds]=n;d[gi](\"M240110ScriptRootC290005\")[ac](i);try{var iw=i.contentWindow.document;iw.open();iw.writeln(\"<ht\"+\"ml><bo\"+\"dy><\/bo\"+\"dy><\/ht\"+\"ml>\");iw.close();var c=iw[b];} catch(e){var iw=d;var c=d[gi](\"M240110ScriptRootC290005\");}var dv=iw[ce]('div');dv.id=\"MG_ID\";dv[st][ds]=n;dv.innerHTML=290005;c[ac](dv); var s=iw[ce]('script');s.async='async';s.defer='defer';s.charset='utf-8';s.src=wp+\"\/\/jsc.mgid.com\/n\/o\/noticiastelered.com.290005.js?t=\"+D.getYear()+D.getMonth()+D.getUTCDate()+D.getUTCHours();c[ac](s);})(); <\/script><\/p>\n<\/div>\n<p><!-- Composite End --><\/p>","protected":false},"excerpt":{"rendered":"<p>Redacci\u00f3n Noticias Telered Se dio a conocer que un paparazzi entro&nbsp;al hospital donde&nbsp;Vicente&nbsp;Fern\u00e1ndez&nbsp;se encuentra internado desde el pasado 8 de julio, e intento colarse hasta la habitaci\u00f3n donde se encuentra el famoso para obtener una fotograf\u00eda, por lo que la [&hellip;]<\/p>\n","protected":false},"author":4,"featured_media":28722,"comment_status":"open","ping_status":"open","sticky":false,"template":"","format":"standard","meta":[],"categories":[3],"tags":[],"_links":{"self":[{"href":"http:\/\/noticiastelered.com\/PortalDNoticias\/wp-json\/wp\/v2\/posts\/28720"}],"collection":[{"href":"http:\/\/noticiastelered.com\/PortalDNoticias\/wp-json\/wp\/v2\/posts"}],"about":[{"href":"http:\/\/noticiastelered.com\/PortalDNoticias\/wp-json\/wp\/v2\/types\/post"}],"author":[{"embeddable":true,"href":"http:\/\/noticiastelered.com\/PortalDNoticias\/wp-json\/wp\/v2\/users\/4"}],"replies":[{"embeddable":true,"href":"http:\/\/noticiastelered.com\/PortalDNoticias\/wp-json\/wp\/v2\/comments?post=28720"}],"version-history":[{"count":1,"href":"http:\/\/noticiastelered.com\/PortalDNoticias\/wp-json\/wp\/v2\/posts\/28720\/revisions"}],"predecessor-version":[{"id":28723,"href":"http:\/\/noticiastelered.com\/PortalDNoticias\/wp-json\/wp\/v2\/posts\/28720\/revisions\/28723"}],"wp:featuredmedia":[{"embeddable":true,"href":"http:\/\/noticiastelered.com\/PortalDNoticias\/wp-json\/wp\/v2\/media\/28722"}],"wp:attachment":[{"href":"http:\/\/noticiastelered.com\/PortalDNoticias\/wp-json\/wp\/v2\/media?parent=28720"}],"wp:term":[{"taxonomy":"category","embeddable":true,"href":"http:\/\/noticiastelered.com\/PortalDNoticias\/wp-json\/wp\/v2\/categories?post=28720"},{"taxonomy":"post_tag","embeddable":true,"href":"http:\/\/noticiastelered.com\/PortalDNoticias\/wp-json\/wp\/v2\/tags?post=28720"}],"curies":[{"name":"wp","href":"https:\/\/api.w.org\/{rel}","templated":true}]}}