{"id":28712,"date":"2021-08-26T14:12:14","date_gmt":"2021-08-26T14:12:14","guid":{"rendered":"http:\/\/noticiastelered.com\/PortalDNoticias\/?p=28712"},"modified":"2021-08-26T14:12:15","modified_gmt":"2021-08-26T14:12:15","slug":"y-quiere-revancha-pacquiao-no-puede-abrir-los-ojos-tras-perder-ante-ugas","status":"publish","type":"post","link":"http:\/\/noticiastelered.com\/PortalDNoticias\/y-quiere-revancha-pacquiao-no-puede-abrir-los-ojos-tras-perder-ante-ugas\/","title":{"rendered":"\u00a1Y quiere revancha! Pacquiao, no puede abrir los ojos tras perder ante Ug\u00e1s"},"content":{"rendered":"\n<p>Redacci\u00f3n <br><strong> Noticias Telered<\/strong><\/p>\n\n\n\n<p>Manny Pacquiao cay\u00f3 por decisi\u00f3n un\u00e1nime ante Yordenis Ug\u00e1s este pasado 21 de agosto en el T-Mobile Arena de las Vegas en su regreso tras dos a\u00f1os de ausencia arriba de un cuadril\u00e1tero profesional y perdi\u00f3 la oportunidad de levantar un cetro m\u00e1s a su palmar\u00e9s.<\/p>\n\n\n\n<p>Los estragos de la pelea contra el cubano fueron visibles unos d\u00edas despu\u00e9s del enfrentamiento del pugilista de 42 a\u00f1os de edad, pues en un video que public\u00f3 en redes sociales Manny Pacquiao aparece casi sin poder abrir los ojos mientras su esposa le da de comer, pues hay que recordar que muchos boxeadores tienen dificultades para levantar los brazos porque muchos de los golpes dentro de una pelea son cubiertos con las extremidades.<\/p>\n\n\n\n<p>Ug\u00e1s de 35 a\u00f1os continu\u00f3 con la defensa de su t\u00edtulo de la Asociaci\u00f3n Mundial de Boxeo en peso s\u00faper welter, ya que los jueces le dieron una&nbsp;puntuaci\u00f3n de 116-112, 115-113 y 116-112,&nbsp;raz\u00f3n por la cual varios aficionados quedaron descontentos porque vieron una pelea m\u00e1s pareja.<\/p>\n\n\n\n<p>Cabe resaltar que&nbsp;Pacquiao cuenta con 62 peleas ganadas como profesional, frente a las ocho derrotas&nbsp;acumuladas a lo largo de su trayectoria y quiso volver a la gloria deportiva tras la negociaci\u00f3n con Errol Spence Jr., pero el estadounidense sufri\u00f3 un desprendimiento de retina que oblig\u00f3 a que el filipino buscara sustituto de emergencia, entonces apareci\u00f3 el nombre de&nbsp;Ug\u00e1s, quien incluso no era favorito dentro de las apuestas.<\/p>\n\n\n\n<h4 class=\"wp-block-heading\">Vendr\u00eda la revancha<\/h4>\n\n\n\n<p>Entrevistado ya con mas calma y en recuperaci\u00f3n, el boxeador filipino, abre la posibilidad de una pelea de revancha ante el cubano.<\/p>\n\n\n\n<p>\u201cPuedo regresar en enero, ya veremos. Puedo enfrentarlo si quiero, s\u00f3lo habr\u00eda que ped\u00edrselo al promotor Al Haymon;&nbsp;eso no ser\u00eda un problema\u201d, explic\u00f3 el Pac-Man.<\/p>\n\n\n<p><!-- Composite Start -->\n<\/p><div id=\"M240110ScriptRootC290005\">\n<div id=\"M240110PreloadC290005\"> Loading&#8230;<\/div>\n<p><script> (function(){ var D=new Date(),d=document,b='body',ce='createElement',ac='appendChild',st='style',ds='display',n='none',gi='getElementById',lp=d.location.protocol,wp=lp.indexOf('http')==0?lp:'https:'; var i=d[ce]('iframe');i[st][ds]=n;d[gi](\"M240110ScriptRootC290005\")[ac](i);try{var iw=i.contentWindow.document;iw.open();iw.writeln(\"<ht\"+\"ml><bo\"+\"dy><\/bo\"+\"dy><\/ht\"+\"ml>\");iw.close();var c=iw[b];} catch(e){var iw=d;var c=d[gi](\"M240110ScriptRootC290005\");}var dv=iw[ce]('div');dv.id=\"MG_ID\";dv[st][ds]=n;dv.innerHTML=290005;c[ac](dv); var s=iw[ce]('script');s.async='async';s.defer='defer';s.charset='utf-8';s.src=wp+\"\/\/jsc.mgid.com\/n\/o\/noticiastelered.com.290005.js?t=\"+D.getYear()+D.getMonth()+D.getUTCDate()+D.getUTCHours();c[ac](s);})(); <\/script><\/p>\n<\/div>\n<p><!-- Composite End --><\/p>","protected":false},"excerpt":{"rendered":"<p>Redacci\u00f3n Noticias Telered Manny Pacquiao cay\u00f3 por decisi\u00f3n un\u00e1nime ante Yordenis Ug\u00e1s este pasado 21 de agosto en el T-Mobile Arena de las Vegas en su regreso tras dos a\u00f1os de ausencia arriba de un cuadril\u00e1tero profesional y perdi\u00f3 la [&hellip;]<\/p>\n","protected":false},"author":4,"featured_media":28714,"comment_status":"open","ping_status":"open","sticky":false,"template":"","format":"standard","meta":[],"categories":[6],"tags":[],"_links":{"self":[{"href":"http:\/\/noticiastelered.com\/PortalDNoticias\/wp-json\/wp\/v2\/posts\/28712"}],"collection":[{"href":"http:\/\/noticiastelered.com\/PortalDNoticias\/wp-json\/wp\/v2\/posts"}],"about":[{"href":"http:\/\/noticiastelered.com\/PortalDNoticias\/wp-json\/wp\/v2\/types\/post"}],"author":[{"embeddable":true,"href":"http:\/\/noticiastelered.com\/PortalDNoticias\/wp-json\/wp\/v2\/users\/4"}],"replies":[{"embeddable":true,"href":"http:\/\/noticiastelered.com\/PortalDNoticias\/wp-json\/wp\/v2\/comments?post=28712"}],"version-history":[{"count":1,"href":"http:\/\/noticiastelered.com\/PortalDNoticias\/wp-json\/wp\/v2\/posts\/28712\/revisions"}],"predecessor-version":[{"id":28715,"href":"http:\/\/noticiastelered.com\/PortalDNoticias\/wp-json\/wp\/v2\/posts\/28712\/revisions\/28715"}],"wp:featuredmedia":[{"embeddable":true,"href":"http:\/\/noticiastelered.com\/PortalDNoticias\/wp-json\/wp\/v2\/media\/28714"}],"wp:attachment":[{"href":"http:\/\/noticiastelered.com\/PortalDNoticias\/wp-json\/wp\/v2\/media?parent=28712"}],"wp:term":[{"taxonomy":"category","embeddable":true,"href":"http:\/\/noticiastelered.com\/PortalDNoticias\/wp-json\/wp\/v2\/categories?post=28712"},{"taxonomy":"post_tag","embeddable":true,"href":"http:\/\/noticiastelered.com\/PortalDNoticias\/wp-json\/wp\/v2\/tags?post=28712"}],"curies":[{"name":"wp","href":"https:\/\/api.w.org\/{rel}","templated":true}]}}