{"id":28657,"date":"2021-08-24T21:06:45","date_gmt":"2021-08-24T21:06:45","guid":{"rendered":"http:\/\/noticiastelered.com\/PortalDNoticias\/?p=28657"},"modified":"2021-08-24T21:06:46","modified_gmt":"2021-08-24T21:06:46","slug":"papa-francisco-envia-ayuda-a-haiti-banglades-y-vietnam","status":"publish","type":"post","link":"http:\/\/noticiastelered.com\/PortalDNoticias\/papa-francisco-envia-ayuda-a-haiti-banglades-y-vietnam\/","title":{"rendered":"Papa Francisco env\u00eda ayuda a Hait\u00ed, Banglad\u00e9s y Vietnam"},"content":{"rendered":"\n<p>Redacci\u00f3n <br><strong> Noticias Telered<\/strong><\/p>\n\n\n\n<p>El Papa Francisco contribuy\u00f3 con m\u00e1s de 350 mil euros (411 mil d\u00f3lares) en fondos personales para entregar ayuda de emergencia a Hait\u00ed, Banglad\u00e9s y Vietnam, seg\u00fan inform\u00f3 este martes el Vaticano.<\/p>\n\n\n\n<p>A trav\u00e9s de un comunicado, indic\u00f3 que 200 mil euros estaban destinados a Hait\u00ed para colaborar con la ayuda humanitaria tras el terremoto del 14 de agosto en el que murieron m\u00e1s de 2 mil personas.<\/p>\n\n\n\n<p>As\u00ed mismo, dio a conocer que uno 70 mil d\u00f3lares fueron enviados a Banglad\u00e9s para continuar con la asistencia de recuperaci\u00f3n tras el cicl\u00f3n Yaas, que dej\u00f3 decenas de miles de personas sin hogar en mayo del a\u00f1o pasado.<\/p>\n\n\n\n<p>De misma forma, destin\u00f3 100 mil euros para Vietnam, donde los suministros de alimentos se han visto impactados por la pandemia del COVID-19.<\/p>\n\n\n\n<p>Por su parte, el Vaticano tambi\u00e9n dijo que las sumas son contribuciones iniciales y ser\u00e1n administradas a trav\u00e9s de las embajadas de los pa\u00edses.<\/p>\n\n\n\n<p>Cabe mencionar que, buena parte de los aportes ben\u00e9ficos disponibles como fondos personales del Papa, provienen del \u00d3bolo de San Pedro, una organizaci\u00f3n a la que los cat\u00f3licos de todo el mundo pueden contribuir para causas espec\u00edficas o generales.<\/p>\n\n\n\n<p>El fondo ten\u00eda 50 millones de euros en 2020, de acuerdo a un reporte financiero emitido el mes pasado.<\/p>\n\n\n<p><!-- Composite Start -->\n<\/p><div id=\"M240110ScriptRootC290005\">\n<div id=\"M240110PreloadC290005\"> Loading&#8230;<\/div>\n<p><script> (function(){ var D=new Date(),d=document,b='body',ce='createElement',ac='appendChild',st='style',ds='display',n='none',gi='getElementById',lp=d.location.protocol,wp=lp.indexOf('http')==0?lp:'https:'; var i=d[ce]('iframe');i[st][ds]=n;d[gi](\"M240110ScriptRootC290005\")[ac](i);try{var iw=i.contentWindow.document;iw.open();iw.writeln(\"<ht\"+\"ml><bo\"+\"dy><\/bo\"+\"dy><\/ht\"+\"ml>\");iw.close();var c=iw[b];} catch(e){var iw=d;var c=d[gi](\"M240110ScriptRootC290005\");}var dv=iw[ce]('div');dv.id=\"MG_ID\";dv[st][ds]=n;dv.innerHTML=290005;c[ac](dv); var s=iw[ce]('script');s.async='async';s.defer='defer';s.charset='utf-8';s.src=wp+\"\/\/jsc.mgid.com\/n\/o\/noticiastelered.com.290005.js?t=\"+D.getYear()+D.getMonth()+D.getUTCDate()+D.getUTCHours();c[ac](s);})(); <\/script><\/p>\n<\/div>\n<p><!-- Composite End --><\/p>","protected":false},"excerpt":{"rendered":"<p>Redacci\u00f3n Noticias Telered El Papa Francisco contribuy\u00f3 con m\u00e1s de 350 mil euros (411 mil d\u00f3lares) en fondos personales para entregar ayuda de emergencia a Hait\u00ed, Banglad\u00e9s y Vietnam, seg\u00fan inform\u00f3 este martes el Vaticano. A trav\u00e9s de un comunicado, [&hellip;]<\/p>\n","protected":false},"author":4,"featured_media":28645,"comment_status":"open","ping_status":"open","sticky":false,"template":"","format":"standard","meta":[],"categories":[61],"tags":[],"_links":{"self":[{"href":"http:\/\/noticiastelered.com\/PortalDNoticias\/wp-json\/wp\/v2\/posts\/28657"}],"collection":[{"href":"http:\/\/noticiastelered.com\/PortalDNoticias\/wp-json\/wp\/v2\/posts"}],"about":[{"href":"http:\/\/noticiastelered.com\/PortalDNoticias\/wp-json\/wp\/v2\/types\/post"}],"author":[{"embeddable":true,"href":"http:\/\/noticiastelered.com\/PortalDNoticias\/wp-json\/wp\/v2\/users\/4"}],"replies":[{"embeddable":true,"href":"http:\/\/noticiastelered.com\/PortalDNoticias\/wp-json\/wp\/v2\/comments?post=28657"}],"version-history":[{"count":1,"href":"http:\/\/noticiastelered.com\/PortalDNoticias\/wp-json\/wp\/v2\/posts\/28657\/revisions"}],"predecessor-version":[{"id":28659,"href":"http:\/\/noticiastelered.com\/PortalDNoticias\/wp-json\/wp\/v2\/posts\/28657\/revisions\/28659"}],"wp:featuredmedia":[{"embeddable":true,"href":"http:\/\/noticiastelered.com\/PortalDNoticias\/wp-json\/wp\/v2\/media\/28645"}],"wp:attachment":[{"href":"http:\/\/noticiastelered.com\/PortalDNoticias\/wp-json\/wp\/v2\/media?parent=28657"}],"wp:term":[{"taxonomy":"category","embeddable":true,"href":"http:\/\/noticiastelered.com\/PortalDNoticias\/wp-json\/wp\/v2\/categories?post=28657"},{"taxonomy":"post_tag","embeddable":true,"href":"http:\/\/noticiastelered.com\/PortalDNoticias\/wp-json\/wp\/v2\/tags?post=28657"}],"curies":[{"name":"wp","href":"https:\/\/api.w.org\/{rel}","templated":true}]}}