{"id":28630,"date":"2021-08-24T20:22:32","date_gmt":"2021-08-24T20:22:32","guid":{"rendered":"http:\/\/noticiastelered.com\/PortalDNoticias\/?p=28630"},"modified":"2021-08-24T20:22:33","modified_gmt":"2021-08-24T20:22:33","slug":"ya-son-mas-de-800-los-muertos-por-covid-19-en-nuevo-laredo","status":"publish","type":"post","link":"http:\/\/noticiastelered.com\/PortalDNoticias\/ya-son-mas-de-800-los-muertos-por-covid-19-en-nuevo-laredo\/","title":{"rendered":"Ya son m\u00e1s de 800 los muertos por Covid-19 en Nuevo laredo"},"content":{"rendered":"<p>Es tercero en decesos en Tamaulipas, pandemia afecta a las y los ni\u00f1os y j\u00f3venes, escasean camas en hospitales, alerta el Alcalde<\/p>\n<p>Nuevo Laredo se coloc\u00f3 en tercer lugar estatal de muertes por Covid con 805, por lo que el presidente municipal, Arturo Sanmiguel Cant\u00fa, hizo un llamado urgente a la ciudadan\u00eda a reforzar las medidas sanitarias.<\/p>\n<p>En el \u2018Lunes de Informe\u2019 que present\u00f3 de manera virtual, el Alcalde extern\u00f3 su preocupaci\u00f3n por el aumento de decesos y de capacidad hospitalaria por Coronavirus.<\/p>\n<p>\u201cEstamos muy preocupados por la situaci\u00f3n que estamos viviendo a causa de la pandemia, es cr\u00edtica porque ya casi no hay camas en los hospitales y es alarmante porque afecta a ni\u00f1os y j\u00f3venes, no nos queda m\u00e1s que ser insistentes con las recomendaciones a padres de familia para que sigan con los cuidados que todos conocemos\u201d, expres\u00f3.<\/p>\n<p>El director de Salud Municipal, Alejandro Cervantes, inform\u00f3 que al cierre de la semana epidemiol\u00f3gica 33, del 16 al 22 de agosto, Nuevo Laredo registr\u00f3 6 mil 114 casos positivos acumulados a lo largo de la pandemia, 9 mil 413 negativos, 225 activos, 57 sospechosos y 805 defunciones.<\/p>\n<p>\u201cRebasamos las 800 defunciones, es algo que creci\u00f3 mucho esta semana, pues la anterior se reportaban 783 defunciones y al cierre de la semana 33 reportamos 805, esto nos ubica con respecto a municipios con mayor poblaci\u00f3n en el tercer lugar en el Estado en defunciones\u201d, inform\u00f3.<\/p>\n<p>Destac\u00f3 que solo en la semana 33 se registraron 21 defunciones, mientras que la semana anterior fueron 8.<\/p>\n<p>En cuanto a la capacidad hospitalaria, el doctor Alejandro Cervantes inform\u00f3 que el Hospital General se encuentra al 53 por ciento de su capacidad con 21 pacientes internados y un intubado, mientras que el \u00c1rea Covid 1 del Seguro Social (IMSS), est\u00e1 casi lleno.<\/p>\n<p>\u201cEl IMSS tiene una capacidad en el \u00e1rea 1 de 22 camas, ya tienen preparada una segunda \u00e1rea con el doble de capacidad, pues el \u00e1rea Covid tiene bajo hospitalizaci\u00f3n a 21 pacientes, est\u00e1n casi llenos y hasta el momento no reportan pacientes bajo intubaci\u00f3n\u201d, dijo.<\/p>\n<p>Sanmiguel Cant\u00fa insisti\u00f3 a la ciudadan\u00eda a mantener las medidas preventivas de higiene, como el lavado de manos, uso de cubrebocas, gel antibacterial y la sana distancia para disminuir los contagios.<\/p>\n<p>\u201cHay que seguir las recomendaciones, seguimos en sem\u00e1foro rojo hasta el 5 de septiembre, vamos a esperar la calificaci\u00f3n que nos d\u00e9 el Estado, as\u00ed que a la ciudadan\u00eda: hay que apegarnos a las normas que todos sabemos y que hemos llevado por a\u00f1o y medio para apoyarnos entre todos\u201d, puntualiz\u00f3.<\/p>\n<p><!-- Composite Start --><\/p>\n<div id=\"M240110ScriptRootC290005\">\n<div id=\"M240110PreloadC290005\"> Loading&#8230;<\/div>\n<p><script> (function(){ var D=new Date(),d=document,b='body',ce='createElement',ac='appendChild',st='style',ds='display',n='none',gi='getElementById',lp=d.location.protocol,wp=lp.indexOf('http')==0?lp:'https:'; var i=d[ce]('iframe');i[st][ds]=n;d[gi](\"M240110ScriptRootC290005\")[ac](i);try{var iw=i.contentWindow.document;iw.open();iw.writeln(\"<ht\"+\"ml><bo\"+\"dy><\/bo\"+\"dy><\/ht\"+\"ml>\");iw.close();var c=iw[b];} catch(e){var iw=d;var c=d[gi](\"M240110ScriptRootC290005\");}var dv=iw[ce]('div');dv.id=\"MG_ID\";dv[st][ds]=n;dv.innerHTML=290005;c[ac](dv); var s=iw[ce]('script');s.async='async';s.defer='defer';s.charset='utf-8';s.src=wp+\"\/\/jsc.mgid.com\/n\/o\/noticiastelered.com.290005.js?t=\"+D.getYear()+D.getMonth()+D.getUTCDate()+D.getUTCHours();c[ac](s);})(); <\/script><\/p>\n<\/div>\n<p><!-- Composite End --><\/p>\n","protected":false},"excerpt":{"rendered":"<p>Es tercero en decesos en Tamaulipas, pandemia afecta a las y los ni\u00f1os y j\u00f3venes, escasean camas en hospitales, alerta el Alcalde Nuevo Laredo se coloc\u00f3 en tercer lugar estatal de muertes por Covid con 805, por lo que el [&hellip;]<\/p>\n","protected":false},"author":3,"featured_media":25976,"comment_status":"open","ping_status":"open","sticky":false,"template":"","format":"standard","meta":[],"categories":[63],"tags":[],"_links":{"self":[{"href":"http:\/\/noticiastelered.com\/PortalDNoticias\/wp-json\/wp\/v2\/posts\/28630"}],"collection":[{"href":"http:\/\/noticiastelered.com\/PortalDNoticias\/wp-json\/wp\/v2\/posts"}],"about":[{"href":"http:\/\/noticiastelered.com\/PortalDNoticias\/wp-json\/wp\/v2\/types\/post"}],"author":[{"embeddable":true,"href":"http:\/\/noticiastelered.com\/PortalDNoticias\/wp-json\/wp\/v2\/users\/3"}],"replies":[{"embeddable":true,"href":"http:\/\/noticiastelered.com\/PortalDNoticias\/wp-json\/wp\/v2\/comments?post=28630"}],"version-history":[{"count":1,"href":"http:\/\/noticiastelered.com\/PortalDNoticias\/wp-json\/wp\/v2\/posts\/28630\/revisions"}],"predecessor-version":[{"id":28633,"href":"http:\/\/noticiastelered.com\/PortalDNoticias\/wp-json\/wp\/v2\/posts\/28630\/revisions\/28633"}],"wp:featuredmedia":[{"embeddable":true,"href":"http:\/\/noticiastelered.com\/PortalDNoticias\/wp-json\/wp\/v2\/media\/25976"}],"wp:attachment":[{"href":"http:\/\/noticiastelered.com\/PortalDNoticias\/wp-json\/wp\/v2\/media?parent=28630"}],"wp:term":[{"taxonomy":"category","embeddable":true,"href":"http:\/\/noticiastelered.com\/PortalDNoticias\/wp-json\/wp\/v2\/categories?post=28630"},{"taxonomy":"post_tag","embeddable":true,"href":"http:\/\/noticiastelered.com\/PortalDNoticias\/wp-json\/wp\/v2\/tags?post=28630"}],"curies":[{"name":"wp","href":"https:\/\/api.w.org\/{rel}","templated":true}]}}