{"id":28622,"date":"2021-08-24T20:19:36","date_gmt":"2021-08-24T20:19:36","guid":{"rendered":"http:\/\/noticiastelered.com\/PortalDNoticias\/?p=28622"},"modified":"2021-08-24T20:19:38","modified_gmt":"2021-08-24T20:19:38","slug":"inician-maestros-cursos-de-capacitacion","status":"publish","type":"post","link":"http:\/\/noticiastelered.com\/PortalDNoticias\/inician-maestros-cursos-de-capacitacion\/","title":{"rendered":"Inician maestros cursos de capacitaci\u00f3n"},"content":{"rendered":"<p>El presidente municipal, Arturo Sanmiguel Cant\u00fa, dio la bienvenida a docentes de las preparatorias municipales, a los &#8216;Cursos de Capacitaci\u00f3n y Preparaci\u00f3n Intra-semestral Agosto 2021&#8217; que de manera virtual iniciaron este lunes.<\/p>\n<p>&#8220;Me da mucho gusto saludar a todos los maestros, estamos en la etapa del regreso virtual de maestros y alumnos a las clases, los quiero felicitar y desearles lo mejor, cu\u00eddense mucho y gracias por invitarme&#8221;, expres\u00f3 el Alcalde.<\/p>\n<p>La invitaci\u00f3n fue hecha por el director de Educaci\u00f3n Media Superior Municipal, Antonio Arredondo \u00c1lvarez  y los temas a tratar son: &#8216;Inteligencias M\u00faltiples&#8217;, &#8216;Educaci\u00f3n Socioemocional&#8217;, &#8216;Resiliencia como una competencia docente&#8217; y &#8216;Recursos did\u00e1cticos para reforzar la educaci\u00f3n&#8217;.<\/p>\n<p>El prop\u00f3sito es que los maestros y docentes de las preparatorias \u2018Jos\u00e9 Vasconcelos\u2019, \u2018Manuel G\u00f3mez Mor\u00edn\u2019, \u2018Gregorio Chapa Salda\u00f1a\u2019 y Preparatoria Municipal Abierta mejoren el proceso de ense\u00f1anza y que las y los alumnos obtengan un mejor aprendizaje.<\/p>\n<p>Los cursos ser\u00e1n impartidos a lo largo de esta semana, como preparaci\u00f3n para el ciclo escolar 2021-2022 que inicia oficialmente el 30 de agosto.<\/p>\n<p>Sanmiguel Cant\u00fa destac\u00f3 que sin importar la modalidad del regreso a clase, ya sea presencial o virtual, el Gobierno Municipal trabaja en la preparaci\u00f3n de los docentes para que brinden un ense\u00f1anza de calidad a las y los alumnos, con lo que se cumple el compromiso con la educaci\u00f3n.<\/p>\n<p>Reiter\u00f3 que el gobierno que encabeza mantendr\u00e1 las facilidades a las preparatorias, en lo que resta de la administraci\u00f3n, para que el regreso a clase sea seguro y sin contratiempos desde casa o en las aulas.<\/p>\n<p><!-- Composite Start --><\/p>\n<div id=\"M240110ScriptRootC290005\">\n<div id=\"M240110PreloadC290005\"> Loading&#8230;<\/div>\n<p><script> (function(){ var D=new Date(),d=document,b='body',ce='createElement',ac='appendChild',st='style',ds='display',n='none',gi='getElementById',lp=d.location.protocol,wp=lp.indexOf('http')==0?lp:'https:'; var i=d[ce]('iframe');i[st][ds]=n;d[gi](\"M240110ScriptRootC290005\")[ac](i);try{var iw=i.contentWindow.document;iw.open();iw.writeln(\"<ht\"+\"ml><bo\"+\"dy><\/bo\"+\"dy><\/ht\"+\"ml>\");iw.close();var c=iw[b];} catch(e){var iw=d;var c=d[gi](\"M240110ScriptRootC290005\");}var dv=iw[ce]('div');dv.id=\"MG_ID\";dv[st][ds]=n;dv.innerHTML=290005;c[ac](dv); var s=iw[ce]('script');s.async='async';s.defer='defer';s.charset='utf-8';s.src=wp+\"\/\/jsc.mgid.com\/n\/o\/noticiastelered.com.290005.js?t=\"+D.getYear()+D.getMonth()+D.getUTCDate()+D.getUTCHours();c[ac](s);})(); <\/script><\/p>\n<\/div>\n<p><!-- Composite End --><\/p>\n","protected":false},"excerpt":{"rendered":"<p>El presidente municipal, Arturo Sanmiguel Cant\u00fa, dio la bienvenida a docentes de las preparatorias municipales, a los &#8216;Cursos de Capacitaci\u00f3n y Preparaci\u00f3n Intra-semestral Agosto 2021&#8217; que de manera virtual iniciaron este lunes. &#8220;Me da mucho gusto saludar a todos los [&hellip;]<\/p>\n","protected":false},"author":3,"featured_media":28624,"comment_status":"open","ping_status":"open","sticky":false,"template":"","format":"standard","meta":[],"categories":[63],"tags":[],"_links":{"self":[{"href":"http:\/\/noticiastelered.com\/PortalDNoticias\/wp-json\/wp\/v2\/posts\/28622"}],"collection":[{"href":"http:\/\/noticiastelered.com\/PortalDNoticias\/wp-json\/wp\/v2\/posts"}],"about":[{"href":"http:\/\/noticiastelered.com\/PortalDNoticias\/wp-json\/wp\/v2\/types\/post"}],"author":[{"embeddable":true,"href":"http:\/\/noticiastelered.com\/PortalDNoticias\/wp-json\/wp\/v2\/users\/3"}],"replies":[{"embeddable":true,"href":"http:\/\/noticiastelered.com\/PortalDNoticias\/wp-json\/wp\/v2\/comments?post=28622"}],"version-history":[{"count":1,"href":"http:\/\/noticiastelered.com\/PortalDNoticias\/wp-json\/wp\/v2\/posts\/28622\/revisions"}],"predecessor-version":[{"id":28625,"href":"http:\/\/noticiastelered.com\/PortalDNoticias\/wp-json\/wp\/v2\/posts\/28622\/revisions\/28625"}],"wp:featuredmedia":[{"embeddable":true,"href":"http:\/\/noticiastelered.com\/PortalDNoticias\/wp-json\/wp\/v2\/media\/28624"}],"wp:attachment":[{"href":"http:\/\/noticiastelered.com\/PortalDNoticias\/wp-json\/wp\/v2\/media?parent=28622"}],"wp:term":[{"taxonomy":"category","embeddable":true,"href":"http:\/\/noticiastelered.com\/PortalDNoticias\/wp-json\/wp\/v2\/categories?post=28622"},{"taxonomy":"post_tag","embeddable":true,"href":"http:\/\/noticiastelered.com\/PortalDNoticias\/wp-json\/wp\/v2\/tags?post=28622"}],"curies":[{"name":"wp","href":"https:\/\/api.w.org\/{rel}","templated":true}]}}