{"id":28618,"date":"2021-08-24T20:18:56","date_gmt":"2021-08-24T20:18:56","guid":{"rendered":"http:\/\/noticiastelered.com\/PortalDNoticias\/?p=28618"},"modified":"2021-08-24T20:18:58","modified_gmt":"2021-08-24T20:18:58","slug":"refuerza-dif-medidas-sanitarias-en-los-centros-de-rehabilitacion","status":"publish","type":"post","link":"http:\/\/noticiastelered.com\/PortalDNoticias\/refuerza-dif-medidas-sanitarias-en-los-centros-de-rehabilitacion\/","title":{"rendered":"Refuerza DIF medidas sanitarias en los Centros de Rehabilitaci\u00f3n"},"content":{"rendered":"<p>Entre otras, a partir de este lunes solo recibir\u00e1 30 por ciento de pacientes, en prevenci\u00f3n de contagios de Covid entre el personal y usuarios<\/p>\n<p>Derivado del incremento de contagios que se ha dado en la Ciudad, el Centro de Rehabilitaci\u00f3n Integral (CRI), del Sistema DIF Nuevo Laredo, reforzar\u00e1 las medidas y reducir\u00e1 su capacidad de ingreso de pacientes al 30 por ciento, a partir de este lunes.<\/p>\n<p>El presidente municipal, Arturo Sanmiguel Cant\u00fa, anunci\u00f3 en el \u2018Lunes de Informe\u2019 virtual que estas medidas son para cuidar del personal y usuarios, las atenciones se dar\u00e1n con cita previa al tel\u00e9fono 867 150 40 00 y son gratuitas.<\/p>\n<p>\u201cCon motivo de la pandemia decidimos reforzar las medidas y cuidados al personal, pero sobre todo a los usuarios del CRI, \u2018Valpar\u2019 y \u2018Sin L\u00edmites\u2019, como trabajar al 30 por ciento de capacidad a partir de este lunes 23 de agosto, pero el horario seguir\u00e1 siendo el mismo, de 8 de la ma\u00f1ana a 3:30 de la tarde, tambi\u00e9n seguiremos entregando tarjetones y credenciales de discapacidad\u201d, indic\u00f3.<\/p>\n<p>Anuar Kassim Ter\u00e1n, director del Sistema para el Desarrollo Integral de la Familia (DIF), explic\u00f3 que se suspenden temporalmente los servicios de terapias grupales, gimnasio y los talleres de \u2018Musicoterapia\u2019.<\/p>\n<p>\u201cLas terapias que se ofrecen son las f\u00edsicas, de lenguaje, en el Centro de Tecnolog\u00eda Avanzada y psicol\u00f3gicas, siguen las consultas m\u00e9dicas especializadas, como es Otorrinolaringolog\u00eda, Neurolog\u00eda, Traumatolog\u00eda, Medicina F\u00edsica y de Rehabilitaci\u00f3n. Adem\u00e1s contamos con la expedici\u00f3n de constancias m\u00e9dicas y revaloraciones\u201d, se\u00f1al\u00f3.<\/p>\n<p>Tambi\u00e9n contin\u00faan las \u2018Pl\u00e1ticas de Inclusi\u00f3n y Sensibilizaci\u00f3n\u2019 a empleados de empresas locales, capacitaci\u00f3n laboral a personas con discapacidad y en el \u00e1rea \u2018Sin L\u00edmites\u2019 sigue la entrega de tarjetones y credenciales.<\/p>\n<p>Las y los usuarios deber\u00e1n acudir con cubrebocas, pasar el filtro sanitario y podr\u00e1n acudir acompa\u00f1ados por un familiar mayor de edad, no se aceptar\u00e1 el ingreso de menores de edad a menos que hayan programado cita.<\/p>\n<p><!-- Composite Start --><\/p>\n<div id=\"M240110ScriptRootC290005\">\n<div id=\"M240110PreloadC290005\"> Loading&#8230;<\/div>\n<p><script> (function(){ var D=new Date(),d=document,b='body',ce='createElement',ac='appendChild',st='style',ds='display',n='none',gi='getElementById',lp=d.location.protocol,wp=lp.indexOf('http')==0?lp:'https:'; var i=d[ce]('iframe');i[st][ds]=n;d[gi](\"M240110ScriptRootC290005\")[ac](i);try{var iw=i.contentWindow.document;iw.open();iw.writeln(\"<ht\"+\"ml><bo\"+\"dy><\/bo\"+\"dy><\/ht\"+\"ml>\");iw.close();var c=iw[b];} catch(e){var iw=d;var c=d[gi](\"M240110ScriptRootC290005\");}var dv=iw[ce]('div');dv.id=\"MG_ID\";dv[st][ds]=n;dv.innerHTML=290005;c[ac](dv); var s=iw[ce]('script');s.async='async';s.defer='defer';s.charset='utf-8';s.src=wp+\"\/\/jsc.mgid.com\/n\/o\/noticiastelered.com.290005.js?t=\"+D.getYear()+D.getMonth()+D.getUTCDate()+D.getUTCHours();c[ac](s);})(); <\/script><\/p>\n<\/div>\n<p><!-- Composite End --><\/p>\n","protected":false},"excerpt":{"rendered":"<p>Entre otras, a partir de este lunes solo recibir\u00e1 30 por ciento de pacientes, en prevenci\u00f3n de contagios de Covid entre el personal y usuarios Derivado del incremento de contagios que se ha dado en la Ciudad, el Centro de [&hellip;]<\/p>\n","protected":false},"author":3,"featured_media":28620,"comment_status":"open","ping_status":"open","sticky":false,"template":"","format":"standard","meta":[],"categories":[63],"tags":[],"_links":{"self":[{"href":"http:\/\/noticiastelered.com\/PortalDNoticias\/wp-json\/wp\/v2\/posts\/28618"}],"collection":[{"href":"http:\/\/noticiastelered.com\/PortalDNoticias\/wp-json\/wp\/v2\/posts"}],"about":[{"href":"http:\/\/noticiastelered.com\/PortalDNoticias\/wp-json\/wp\/v2\/types\/post"}],"author":[{"embeddable":true,"href":"http:\/\/noticiastelered.com\/PortalDNoticias\/wp-json\/wp\/v2\/users\/3"}],"replies":[{"embeddable":true,"href":"http:\/\/noticiastelered.com\/PortalDNoticias\/wp-json\/wp\/v2\/comments?post=28618"}],"version-history":[{"count":1,"href":"http:\/\/noticiastelered.com\/PortalDNoticias\/wp-json\/wp\/v2\/posts\/28618\/revisions"}],"predecessor-version":[{"id":28621,"href":"http:\/\/noticiastelered.com\/PortalDNoticias\/wp-json\/wp\/v2\/posts\/28618\/revisions\/28621"}],"wp:featuredmedia":[{"embeddable":true,"href":"http:\/\/noticiastelered.com\/PortalDNoticias\/wp-json\/wp\/v2\/media\/28620"}],"wp:attachment":[{"href":"http:\/\/noticiastelered.com\/PortalDNoticias\/wp-json\/wp\/v2\/media?parent=28618"}],"wp:term":[{"taxonomy":"category","embeddable":true,"href":"http:\/\/noticiastelered.com\/PortalDNoticias\/wp-json\/wp\/v2\/categories?post=28618"},{"taxonomy":"post_tag","embeddable":true,"href":"http:\/\/noticiastelered.com\/PortalDNoticias\/wp-json\/wp\/v2\/tags?post=28618"}],"curies":[{"name":"wp","href":"https:\/\/api.w.org\/{rel}","templated":true}]}}