{"id":28614,"date":"2021-08-24T17:22:16","date_gmt":"2021-08-24T17:22:16","guid":{"rendered":"http:\/\/noticiastelered.com\/PortalDNoticias\/?p=28614"},"modified":"2021-08-24T17:22:16","modified_gmt":"2021-08-24T17:22:16","slug":"muere-charlie-watts-baterista-de-los-the-rolling-stones-a-los-80-anos","status":"publish","type":"post","link":"http:\/\/noticiastelered.com\/PortalDNoticias\/muere-charlie-watts-baterista-de-los-the-rolling-stones-a-los-80-anos\/","title":{"rendered":"Muere Charlie Watts, baterista de los The Rolling Stones, a los 80 a\u00f1os"},"content":{"rendered":"\n<p>Redacci\u00f3n <br> <strong>Noticias Telered<\/strong><\/p>\n\n\n\n<p>Charlie Watts, bater\u00eda de&nbsp;The Rolling Stones, muri\u00f3 a los 80 a\u00f1os, seg\u00fan ha informado la agencia France Press.<\/p>\n\n\n\n<p>Este mismo agosto la banda brit\u00e1nica comunic\u00f3 que Watts no podr\u00eda acompa\u00f1ar a los integrantes del grupo en la gira por motivos de salud.<\/p>\n\n\n\n<p>Seg\u00fan se dijo a inicios de este mes el bater\u00eda deb\u00eda tomarse un descanso para recuperarse de una reciente procedimiento m\u00e9dico.<\/p>\n\n\n\n<p>\u201cCon inmensa tristeza anunciamos la muerte de nuestro querido Charlie Watts. Ha fallecido pac\u00edficamente en un hospital de Londres a primera hora de la ma\u00f1ana rodeado por su familia\u201d, dijo el publicista de Watts.<\/p>\n\n\n\n<p>\u201cCharlie era un apreciado esposo, padre y abuelo y tambi\u00e9n, como miembro de The Rolling Stones, uno de los mejores bateristas de su generaci\u00f3n\u201d, agreg\u00f3.<\/p>\n\n\n\n<p>Watts no fue fundador de The Rolling Stones pero s\u00ed que estuvo en sus primeras horas y en sus trabajos m\u00e1s relevantes. Pese a ello, fue siempre algo extra\u00f1o entre Jagger, Richards y compa\u00f1\u00eda. Watts ni siquiera ven\u00eda del rock sino del jazz, g\u00e9nero en el que tuvo una carrera de cierta relevancia en paralelo a los Rolling Stones.<\/p>\n\n\n\n<p>El saxofonista Charlie Parker hab\u00eda sido su gran \u00eddolo y el pianista favorito de su banda, Ian Stewart, su mejor socio en bandas como Rocket 88.<\/p>\n\n\n\n<p>La carrera en solitario de Watts incluye derivaciones hacia otras m\u00fasicas m\u00e1s experimentales, pero eso importa relativamente poco comparado con su lugar en la historia del rock.<\/p>\n\n\n<p><!-- Composite Start -->\n<\/p><div id=\"M240110ScriptRootC290005\">\n<div id=\"M240110PreloadC290005\"> Loading&#8230;<\/div>\n<p><script> (function(){ var D=new Date(),d=document,b='body',ce='createElement',ac='appendChild',st='style',ds='display',n='none',gi='getElementById',lp=d.location.protocol,wp=lp.indexOf('http')==0?lp:'https:'; var i=d[ce]('iframe');i[st][ds]=n;d[gi](\"M240110ScriptRootC290005\")[ac](i);try{var iw=i.contentWindow.document;iw.open();iw.writeln(\"<ht\"+\"ml><bo\"+\"dy><\/bo\"+\"dy><\/ht\"+\"ml>\");iw.close();var c=iw[b];} catch(e){var iw=d;var c=d[gi](\"M240110ScriptRootC290005\");}var dv=iw[ce]('div');dv.id=\"MG_ID\";dv[st][ds]=n;dv.innerHTML=290005;c[ac](dv); var s=iw[ce]('script');s.async='async';s.defer='defer';s.charset='utf-8';s.src=wp+\"\/\/jsc.mgid.com\/n\/o\/noticiastelered.com.290005.js?t=\"+D.getYear()+D.getMonth()+D.getUTCDate()+D.getUTCHours();c[ac](s);})(); <\/script><\/p>\n<\/div>\n<p><!-- Composite End --><\/p>","protected":false},"excerpt":{"rendered":"<p>Redacci\u00f3n Noticias Telered Charlie Watts, bater\u00eda de&nbsp;The Rolling Stones, muri\u00f3 a los 80 a\u00f1os, seg\u00fan ha informado la agencia France Press. Este mismo agosto la banda brit\u00e1nica comunic\u00f3 que Watts no podr\u00eda acompa\u00f1ar a los integrantes del grupo en la [&hellip;]<\/p>\n","protected":false},"author":4,"featured_media":28616,"comment_status":"open","ping_status":"open","sticky":false,"template":"","format":"standard","meta":[],"categories":[3],"tags":[],"_links":{"self":[{"href":"http:\/\/noticiastelered.com\/PortalDNoticias\/wp-json\/wp\/v2\/posts\/28614"}],"collection":[{"href":"http:\/\/noticiastelered.com\/PortalDNoticias\/wp-json\/wp\/v2\/posts"}],"about":[{"href":"http:\/\/noticiastelered.com\/PortalDNoticias\/wp-json\/wp\/v2\/types\/post"}],"author":[{"embeddable":true,"href":"http:\/\/noticiastelered.com\/PortalDNoticias\/wp-json\/wp\/v2\/users\/4"}],"replies":[{"embeddable":true,"href":"http:\/\/noticiastelered.com\/PortalDNoticias\/wp-json\/wp\/v2\/comments?post=28614"}],"version-history":[{"count":1,"href":"http:\/\/noticiastelered.com\/PortalDNoticias\/wp-json\/wp\/v2\/posts\/28614\/revisions"}],"predecessor-version":[{"id":28617,"href":"http:\/\/noticiastelered.com\/PortalDNoticias\/wp-json\/wp\/v2\/posts\/28614\/revisions\/28617"}],"wp:featuredmedia":[{"embeddable":true,"href":"http:\/\/noticiastelered.com\/PortalDNoticias\/wp-json\/wp\/v2\/media\/28616"}],"wp:attachment":[{"href":"http:\/\/noticiastelered.com\/PortalDNoticias\/wp-json\/wp\/v2\/media?parent=28614"}],"wp:term":[{"taxonomy":"category","embeddable":true,"href":"http:\/\/noticiastelered.com\/PortalDNoticias\/wp-json\/wp\/v2\/categories?post=28614"},{"taxonomy":"post_tag","embeddable":true,"href":"http:\/\/noticiastelered.com\/PortalDNoticias\/wp-json\/wp\/v2\/tags?post=28614"}],"curies":[{"name":"wp","href":"https:\/\/api.w.org\/{rel}","templated":true}]}}