{"id":28587,"date":"2021-08-24T16:05:51","date_gmt":"2021-08-24T16:05:51","guid":{"rendered":"http:\/\/noticiastelered.com\/PortalDNoticias\/?p=28587"},"modified":"2021-08-24T16:05:52","modified_gmt":"2021-08-24T16:05:52","slug":"ricardo-anaya-debe-defenderse-con-la-verdad-y-no-echarme-la-culpa-a-mi-amlo","status":"publish","type":"post","link":"http:\/\/noticiastelered.com\/PortalDNoticias\/ricardo-anaya-debe-defenderse-con-la-verdad-y-no-echarme-la-culpa-a-mi-amlo\/","title":{"rendered":"Ricardo Anaya debe defenderse con la verdad y no echarme la culpa a m\u00ed: AMLO"},"content":{"rendered":"\n<p>Redacci\u00f3n <br> <strong>Noticias Telered<\/strong><\/p>\n\n\n\n<p>El presidente Andr\u00e9s Manuel L\u00f3pez Obrador asegur\u00f3 que<strong>&nbsp;no existe ninguna persecuci\u00f3n en contra de Ricardo Anaya<\/strong>, e hizo un llamado a enfrentar la justicia y defenderse con la verdad ante las autoridades.<\/p>\n\n\n\n<p>\u201cNo hay persecuci\u00f3n para nadie,&nbsp;<strong>no es muy fuerte la venganza<\/strong>, lo de este se\u00f1or Ricardo Anaya, lo que tiene que hacer es enfrentar el proceso, y si es inocente, presentar las pruebas y defenderse, con la verdad, pero no echarme la culpa a m\u00ed\u201d, indic\u00f3.<\/p>\n\n\n\n<p>En la conferencia matutina de Palacio Nacional el mandatario federal &nbsp;expuso que la denuncia presentada contra Ricardo Anaya la hizo el ex director general de Petr\u00f3leos Mexicanos,<strong>&nbsp;Emilio Lozoya.<\/strong><\/p>\n\n\n\n<p>\u201cEs interesante que se sepa que la gente, lo de Ricardo Anaya tiene que ver con una denuncia que present\u00f3 el que era director de Pemex, Lozoya, ese se\u00f1or present\u00f3 una denuncia diciendo que le&nbsp;<strong>entregaba dinero a legisladores&nbsp;<\/strong>y a dirigentes de partidos para que se aprobara la reforma energ\u00e9tica, ese es el fondo del asunto\u201d, detall\u00f3.<\/p>\n\n\n\n<p>L\u00f3pez Obrador rechaz\u00f3 los se\u00f1alamientos sobre su presunta operaci\u00f3n para evitar que<strong>&nbsp;Ricardo Anaya sea candidato a la presidencia de M\u00e9xico en 2024.<\/strong><\/p>\n\n\n\n<p>\u201cS\u00ed, como si yo estuviese preocupado desde ahora por qui\u00e9n va a ser el pr\u00f3ximo presidente de M\u00e9xico, estoy preocupado primero ahorita porque me tengo que ir, porque hoy vamos a C\u00f3rdoba, son 200 a\u00f1os de los tratados de C\u00f3rdoba, nos vamos a encontrar con el presidente de Ecuador en esta ceremonia\u201d, indic\u00f3.<\/p>\n\n\n<p><!-- Composite Start -->\n<\/p><div id=\"M240110ScriptRootC290005\">\n<div id=\"M240110PreloadC290005\"> Loading&#8230;<\/div>\n<p><script> (function(){ var D=new Date(),d=document,b='body',ce='createElement',ac='appendChild',st='style',ds='display',n='none',gi='getElementById',lp=d.location.protocol,wp=lp.indexOf('http')==0?lp:'https:'; var i=d[ce]('iframe');i[st][ds]=n;d[gi](\"M240110ScriptRootC290005\")[ac](i);try{var iw=i.contentWindow.document;iw.open();iw.writeln(\"<ht\"+\"ml><bo\"+\"dy><\/bo\"+\"dy><\/ht\"+\"ml>\");iw.close();var c=iw[b];} catch(e){var iw=d;var c=d[gi](\"M240110ScriptRootC290005\");}var dv=iw[ce]('div');dv.id=\"MG_ID\";dv[st][ds]=n;dv.innerHTML=290005;c[ac](dv); var s=iw[ce]('script');s.async='async';s.defer='defer';s.charset='utf-8';s.src=wp+\"\/\/jsc.mgid.com\/n\/o\/noticiastelered.com.290005.js?t=\"+D.getYear()+D.getMonth()+D.getUTCDate()+D.getUTCHours();c[ac](s);})(); <\/script><\/p>\n<\/div>\n<p><!-- Composite End --><\/p>","protected":false},"excerpt":{"rendered":"<p>Redacci\u00f3n Noticias Telered El presidente Andr\u00e9s Manuel L\u00f3pez Obrador asegur\u00f3 que&nbsp;no existe ninguna persecuci\u00f3n en contra de Ricardo Anaya, e hizo un llamado a enfrentar la justicia y defenderse con la verdad ante las autoridades. \u201cNo hay persecuci\u00f3n para nadie,&nbsp;no [&hellip;]<\/p>\n","protected":false},"author":4,"featured_media":28589,"comment_status":"open","ping_status":"open","sticky":false,"template":"","format":"standard","meta":[],"categories":[60],"tags":[],"_links":{"self":[{"href":"http:\/\/noticiastelered.com\/PortalDNoticias\/wp-json\/wp\/v2\/posts\/28587"}],"collection":[{"href":"http:\/\/noticiastelered.com\/PortalDNoticias\/wp-json\/wp\/v2\/posts"}],"about":[{"href":"http:\/\/noticiastelered.com\/PortalDNoticias\/wp-json\/wp\/v2\/types\/post"}],"author":[{"embeddable":true,"href":"http:\/\/noticiastelered.com\/PortalDNoticias\/wp-json\/wp\/v2\/users\/4"}],"replies":[{"embeddable":true,"href":"http:\/\/noticiastelered.com\/PortalDNoticias\/wp-json\/wp\/v2\/comments?post=28587"}],"version-history":[{"count":1,"href":"http:\/\/noticiastelered.com\/PortalDNoticias\/wp-json\/wp\/v2\/posts\/28587\/revisions"}],"predecessor-version":[{"id":28590,"href":"http:\/\/noticiastelered.com\/PortalDNoticias\/wp-json\/wp\/v2\/posts\/28587\/revisions\/28590"}],"wp:featuredmedia":[{"embeddable":true,"href":"http:\/\/noticiastelered.com\/PortalDNoticias\/wp-json\/wp\/v2\/media\/28589"}],"wp:attachment":[{"href":"http:\/\/noticiastelered.com\/PortalDNoticias\/wp-json\/wp\/v2\/media?parent=28587"}],"wp:term":[{"taxonomy":"category","embeddable":true,"href":"http:\/\/noticiastelered.com\/PortalDNoticias\/wp-json\/wp\/v2\/categories?post=28587"},{"taxonomy":"post_tag","embeddable":true,"href":"http:\/\/noticiastelered.com\/PortalDNoticias\/wp-json\/wp\/v2\/tags?post=28587"}],"curies":[{"name":"wp","href":"https:\/\/api.w.org\/{rel}","templated":true}]}}