{"id":28583,"date":"2021-08-24T15:57:27","date_gmt":"2021-08-24T15:57:27","guid":{"rendered":"http:\/\/noticiastelered.com\/PortalDNoticias\/?p=28583"},"modified":"2021-08-24T15:57:28","modified_gmt":"2021-08-24T15:57:28","slug":"no-existen-condiciones-adecuadas-regreso-a-clases-puede-terminar-en-desgracia-sandra-cuevas","status":"publish","type":"post","link":"http:\/\/noticiastelered.com\/PortalDNoticias\/no-existen-condiciones-adecuadas-regreso-a-clases-puede-terminar-en-desgracia-sandra-cuevas\/","title":{"rendered":"No existen condiciones adecuadas, regreso a clases puede terminar en desgracia: Sandra Cuevas"},"content":{"rendered":"\n<p>Redacci\u00f3n <br><strong> Noticias Telered<\/strong><\/p>\n\n\n\n<p>Luego de que la&nbsp;<strong>Uni\u00f3n de Alcald\u00edas de la Ciudad de M\u00e9xico<\/strong>&nbsp;expresara&nbsp;que, ante la falta de informaci\u00f3n por parte de las autoridadee de las demarcaciones y del gobierno local sobre la condici\u00f3n de las escuelas, donde&nbsp;se presentar\u00e1 un protocolo de actuaci\u00f3n para cada uno de los planteles frente a la emergencia por Covid-19 para el regreso a clases,&nbsp;<strong>Sandra<\/strong>&nbsp;<strong>Cuevas<\/strong>&nbsp;se\u00f1al\u00f3 que esta situaci\u00f3n puede ser un gran riesgo.<\/p>\n\n\n\n<p><strong>Voces expertas han declarado que las escuelas no est\u00e1n preparadas, no tienen las condiciones para recibir a&nbsp;los ni\u00f1os y ni\u00f1as a clases, dijo Cuevas<\/strong><\/p>\n\n\n\n<p>Al respecto, destac\u00f3 que el riesgo no es solo para los ni\u00f1os y ni\u00f1as que asisten,&nbsp;sino para los mismos profesores, por ello la UNA-CDMX presentar\u00e1n un protocolo para que haya una protecci\u00f3n a los alumnos, que tiene que ver con c\u00f3mo recibir a todos los ni\u00f1os.<\/p>\n\n\n\n<p>La tambi\u00e9n vocera de la Uni\u00f3n de Alcald\u00edas de la Ciudad de M\u00e9xico se dijo preocupada por el riesgo que existe, ya que puede complicarse, se pueden contagiar los alumnos y esto puede terminar en una desgracia para ellos y quienes los rodeen.<\/p>\n\n\n\n<p>Se\u00f1al\u00f3 que las autoridades toman decisiones y entre m\u00e1s escuchan que no se puede, parece que no les interesa siendo una decisi\u00f3n ya tomada y no hay discusi\u00f3n al respecto.<\/p>\n\n\n\n<h3 class=\"wp-block-heading\"><strong>Supervisi\u00f3n del regreso a clases<\/strong><\/h3>\n\n\n\n<p>En entrevista con&nbsp;<strong>Sergio Sarmiento y Guadalupe Ju\u00e1rez&nbsp;<\/strong>para el espacio&nbsp;<strong>&#8220;Sergio y Lupita&#8221;<\/strong>, la&nbsp;alcaldesa electa de&nbsp;<strong>Cuauht\u00e9moc<\/strong>&nbsp;coment\u00f3 que se tiene un gobierno que no escucha y que no reflexiona, y afirm\u00f3 que muchas escuelas no tienen se\u00f1alamientos, no hay suficiente&nbsp;agua en los sanitarios para todos los ni\u00f1os entre otras cosas.<\/p>\n\n\n\n<p>A trav\u00e9s de la se\u00f1al de&nbsp;<strong>Heraldo Media Group,&nbsp;<\/strong>Sandra Cuevas se\u00f1al\u00f3 que desean que los ni\u00f1os regresen a clases; sin embargo, que regresen de una forma segura. El pr\u00f3ximo lunes 30 de agosto, se\u00f1al\u00f3, la UNA-CDMX estar\u00e1 supervisando este&nbsp;<strong>regreso a clases<\/strong>&nbsp;en el que presentar\u00e1n el protocolo a la SEP y a las autoridades pertinentes una nueva materia.<\/p>\n\n\n\n<p>Queremos que existe una nueva materia que se llame, Seguridad, para que los ni\u00f1os sepan que es lo que est\u00e1 pasando y c\u00f3mo afrontar esta pandemia, ya que los ni\u00f1os son lo que menos tienen esta informaci\u00f3n.<\/p>\n\n\n<p><!-- Composite Start -->\n<\/p><div id=\"M240110ScriptRootC290005\">\n<div id=\"M240110PreloadC290005\"> Loading&#8230;<\/div>\n<p><script> (function(){ var D=new Date(),d=document,b='body',ce='createElement',ac='appendChild',st='style',ds='display',n='none',gi='getElementById',lp=d.location.protocol,wp=lp.indexOf('http')==0?lp:'https:'; var i=d[ce]('iframe');i[st][ds]=n;d[gi](\"M240110ScriptRootC290005\")[ac](i);try{var iw=i.contentWindow.document;iw.open();iw.writeln(\"<ht\"+\"ml><bo\"+\"dy><\/bo\"+\"dy><\/ht\"+\"ml>\");iw.close();var c=iw[b];} catch(e){var iw=d;var c=d[gi](\"M240110ScriptRootC290005\");}var dv=iw[ce]('div');dv.id=\"MG_ID\";dv[st][ds]=n;dv.innerHTML=290005;c[ac](dv); var s=iw[ce]('script');s.async='async';s.defer='defer';s.charset='utf-8';s.src=wp+\"\/\/jsc.mgid.com\/n\/o\/noticiastelered.com.290005.js?t=\"+D.getYear()+D.getMonth()+D.getUTCDate()+D.getUTCHours();c[ac](s);})(); <\/script><\/p>\n<\/div>\n<p><!-- Composite End --><\/p>","protected":false},"excerpt":{"rendered":"<p>Redacci\u00f3n Noticias Telered Luego de que la&nbsp;Uni\u00f3n de Alcald\u00edas de la Ciudad de M\u00e9xico&nbsp;expresara&nbsp;que, ante la falta de informaci\u00f3n por parte de las autoridadee de las demarcaciones y del gobierno local sobre la condici\u00f3n de las escuelas, donde&nbsp;se presentar\u00e1 un [&hellip;]<\/p>\n","protected":false},"author":4,"featured_media":28585,"comment_status":"open","ping_status":"open","sticky":false,"template":"","format":"standard","meta":[],"categories":[60],"tags":[],"_links":{"self":[{"href":"http:\/\/noticiastelered.com\/PortalDNoticias\/wp-json\/wp\/v2\/posts\/28583"}],"collection":[{"href":"http:\/\/noticiastelered.com\/PortalDNoticias\/wp-json\/wp\/v2\/posts"}],"about":[{"href":"http:\/\/noticiastelered.com\/PortalDNoticias\/wp-json\/wp\/v2\/types\/post"}],"author":[{"embeddable":true,"href":"http:\/\/noticiastelered.com\/PortalDNoticias\/wp-json\/wp\/v2\/users\/4"}],"replies":[{"embeddable":true,"href":"http:\/\/noticiastelered.com\/PortalDNoticias\/wp-json\/wp\/v2\/comments?post=28583"}],"version-history":[{"count":1,"href":"http:\/\/noticiastelered.com\/PortalDNoticias\/wp-json\/wp\/v2\/posts\/28583\/revisions"}],"predecessor-version":[{"id":28586,"href":"http:\/\/noticiastelered.com\/PortalDNoticias\/wp-json\/wp\/v2\/posts\/28583\/revisions\/28586"}],"wp:featuredmedia":[{"embeddable":true,"href":"http:\/\/noticiastelered.com\/PortalDNoticias\/wp-json\/wp\/v2\/media\/28585"}],"wp:attachment":[{"href":"http:\/\/noticiastelered.com\/PortalDNoticias\/wp-json\/wp\/v2\/media?parent=28583"}],"wp:term":[{"taxonomy":"category","embeddable":true,"href":"http:\/\/noticiastelered.com\/PortalDNoticias\/wp-json\/wp\/v2\/categories?post=28583"},{"taxonomy":"post_tag","embeddable":true,"href":"http:\/\/noticiastelered.com\/PortalDNoticias\/wp-json\/wp\/v2\/tags?post=28583"}],"curies":[{"name":"wp","href":"https:\/\/api.w.org\/{rel}","templated":true}]}}