{"id":28579,"date":"2021-08-24T15:50:24","date_gmt":"2021-08-24T15:50:24","guid":{"rendered":"http:\/\/noticiastelered.com\/PortalDNoticias\/?p=28579"},"modified":"2021-08-24T15:50:25","modified_gmt":"2021-08-24T15:50:25","slug":"hay-signos-de-descenso-de-la-tercera-ola-de-covid-19-lopez-gatell","status":"publish","type":"post","link":"http:\/\/noticiastelered.com\/PortalDNoticias\/hay-signos-de-descenso-de-la-tercera-ola-de-covid-19-lopez-gatell\/","title":{"rendered":"Hay signos de descenso de la tercera ola de Covid-19: L\u00f3pez-Gatell"},"content":{"rendered":"\n<p>Redacci\u00f3n <br><strong> Noticias Telered<\/strong><\/p>\n\n\n\n<p>El subsecretario de Salud,&nbsp;<strong>Hugo L\u00f3pez-Gatell<\/strong>&nbsp;asegur\u00f3 que por la reducci\u00f3n del n\u00famero de casos, hospitalizaciones y fallecimientos, ya existen signos claros del descenso de la tercera ola de&nbsp;<strong>Covid-19<\/strong>&nbsp;en M\u00e9xico.<\/p>\n\n\n\n<p>&#8220;Con una reducci\u00f3n inicial de 11 por ciento, es muy probable que terminemos la semana,&nbsp;todav\u00eda con una reducci\u00f3n posiblemente alrededor del 5 por ciento. Esto ya empezar\u00eda a ser un signo m\u00e1s claro de una tendencia de descenso de la tercera ola&#8221;, afirm\u00f3.<\/p>\n\n\n\n<p>En la&nbsp;<strong>Conferencia Ma\u00f1anera<\/strong>&nbsp;afirm\u00f3 que a nivel nacional se registran tres semanas consecutivas de descenso de la pandemia de Covid-19.<\/p>\n\n\n\n<p>&#8220;Tenemos tres semanas consecutivas y que la reducci\u00f3n de casos registrados, casos estimados con respecto a la semana previa es a\u00fan mayor. Empezamos la semana con una reducci\u00f3n de 11 por ciento en los casos estimados entre la semana 32, comparado con la semana 31&#8221;, se\u00f1al\u00f3.<\/p>\n\n\n\n<p><strong>L\u00f3pez-Gatell<\/strong>&nbsp;expuso que 17 entidades ya registran hasta cinco semanas con descensos en los indicadores de la&nbsp;<strong>pandemia<\/strong>.<\/p>\n\n\n\n<p>&#8220;La Ciudad de M\u00e9xico, donde ya tenemos m\u00e1s de 8 d\u00edas con reducci\u00f3n de la ocupaci\u00f3n hospitalaria, lo mismo en la zona conurbada del Estado de M\u00e9xico, del Valle de M\u00e9xico, empieza a mostrar reducci\u00f3n de la ocupaci\u00f3n hospitalaria. Sinaloa que lleg\u00f3 a tener una actividad epid\u00e9mica muy alta, ya continuamente se est\u00e1 reduciendo&#8221;, detall\u00f3.<\/p>\n\n\n<p><!-- Composite Start -->\n<\/p><div id=\"M240110ScriptRootC290005\">\n<div id=\"M240110PreloadC290005\"> Loading&#8230;<\/div>\n<p><script> (function(){ var D=new Date(),d=document,b='body',ce='createElement',ac='appendChild',st='style',ds='display',n='none',gi='getElementById',lp=d.location.protocol,wp=lp.indexOf('http')==0?lp:'https:'; var i=d[ce]('iframe');i[st][ds]=n;d[gi](\"M240110ScriptRootC290005\")[ac](i);try{var iw=i.contentWindow.document;iw.open();iw.writeln(\"<ht\"+\"ml><bo\"+\"dy><\/bo\"+\"dy><\/ht\"+\"ml>\");iw.close();var c=iw[b];} catch(e){var iw=d;var c=d[gi](\"M240110ScriptRootC290005\");}var dv=iw[ce]('div');dv.id=\"MG_ID\";dv[st][ds]=n;dv.innerHTML=290005;c[ac](dv); var s=iw[ce]('script');s.async='async';s.defer='defer';s.charset='utf-8';s.src=wp+\"\/\/jsc.mgid.com\/n\/o\/noticiastelered.com.290005.js?t=\"+D.getYear()+D.getMonth()+D.getUTCDate()+D.getUTCHours();c[ac](s);})(); <\/script><\/p>\n<\/div>\n<p><!-- Composite End --><\/p>","protected":false},"excerpt":{"rendered":"<p>Redacci\u00f3n Noticias Telered El subsecretario de Salud,&nbsp;Hugo L\u00f3pez-Gatell&nbsp;asegur\u00f3 que por la reducci\u00f3n del n\u00famero de casos, hospitalizaciones y fallecimientos, ya existen signos claros del descenso de la tercera ola de&nbsp;Covid-19&nbsp;en M\u00e9xico. &#8220;Con una reducci\u00f3n inicial de 11 por ciento, es [&hellip;]<\/p>\n","protected":false},"author":4,"featured_media":28581,"comment_status":"open","ping_status":"open","sticky":false,"template":"","format":"standard","meta":[],"categories":[60],"tags":[],"_links":{"self":[{"href":"http:\/\/noticiastelered.com\/PortalDNoticias\/wp-json\/wp\/v2\/posts\/28579"}],"collection":[{"href":"http:\/\/noticiastelered.com\/PortalDNoticias\/wp-json\/wp\/v2\/posts"}],"about":[{"href":"http:\/\/noticiastelered.com\/PortalDNoticias\/wp-json\/wp\/v2\/types\/post"}],"author":[{"embeddable":true,"href":"http:\/\/noticiastelered.com\/PortalDNoticias\/wp-json\/wp\/v2\/users\/4"}],"replies":[{"embeddable":true,"href":"http:\/\/noticiastelered.com\/PortalDNoticias\/wp-json\/wp\/v2\/comments?post=28579"}],"version-history":[{"count":1,"href":"http:\/\/noticiastelered.com\/PortalDNoticias\/wp-json\/wp\/v2\/posts\/28579\/revisions"}],"predecessor-version":[{"id":28582,"href":"http:\/\/noticiastelered.com\/PortalDNoticias\/wp-json\/wp\/v2\/posts\/28579\/revisions\/28582"}],"wp:featuredmedia":[{"embeddable":true,"href":"http:\/\/noticiastelered.com\/PortalDNoticias\/wp-json\/wp\/v2\/media\/28581"}],"wp:attachment":[{"href":"http:\/\/noticiastelered.com\/PortalDNoticias\/wp-json\/wp\/v2\/media?parent=28579"}],"wp:term":[{"taxonomy":"category","embeddable":true,"href":"http:\/\/noticiastelered.com\/PortalDNoticias\/wp-json\/wp\/v2\/categories?post=28579"},{"taxonomy":"post_tag","embeddable":true,"href":"http:\/\/noticiastelered.com\/PortalDNoticias\/wp-json\/wp\/v2\/tags?post=28579"}],"curies":[{"name":"wp","href":"https:\/\/api.w.org\/{rel}","templated":true}]}}