{"id":28575,"date":"2021-08-24T15:44:22","date_gmt":"2021-08-24T15:44:22","guid":{"rendered":"http:\/\/noticiastelered.com\/PortalDNoticias\/?p=28575"},"modified":"2021-08-24T15:44:23","modified_gmt":"2021-08-24T15:44:23","slug":"afganistan-francia-terminara-con-evacuaciones-en-afganistan-si-estados-unidos-se-retira","status":"publish","type":"post","link":"http:\/\/noticiastelered.com\/PortalDNoticias\/afganistan-francia-terminara-con-evacuaciones-en-afganistan-si-estados-unidos-se-retira\/","title":{"rendered":"AFGANIST\u00c1N Francia terminar\u00e1 con evacuaciones en Afganist\u00e1n si Estados Unidos se retira"},"content":{"rendered":"\n<p>Redacci\u00f3n <br><strong> Noticias Telered<\/strong><\/p>\n\n\n\n<p><strong>Francia&nbsp;<\/strong>terminar\u00e1 con&nbsp;las evacuaciones en&nbsp;<strong>Afganist\u00e1n&nbsp;<\/strong>el jueves si&nbsp;<strong>Estados Unidos<\/strong>&nbsp;sigue adelante con su plan de&nbsp;<strong>retirar&nbsp;<\/strong>todas las tropas del pa\u00eds el pr\u00f3ximo martes 31 de agosto, indic\u00f3 este&nbsp;martes un alto funcionario del ministerio de Relaciones Exteriores.&nbsp;<\/p>\n\n\n\n<p>S<strong>i Estados Unidos<\/strong>&nbsp;lleva a cabo una retirada total el 31 de agosto, como est\u00e1 previsto, &#8220;para nosotros (&#8230;) eso significa que nuestra operaci\u00f3n termina el jueves por la noche. As\u00ed que nos quedan tres d\u00edas&#8221;, dijo Nicolas Roche, jefe de gabinete del ministro de Relaciones Exteriores, Jean-Yves Le Drian.<\/p>\n\n\n\n<p>Tras el regreso al poder de los talibanes en Afganist\u00e1n,&nbsp;<strong>Francia<\/strong>, al igual que otros pa\u00edses, estableci\u00f3 un puente a\u00e9reo para evacuar a franceses y&nbsp;<strong>afganos&nbsp;<\/strong>en situaci\u00f3n de riesgo. Cerca de 2 mil&nbsp;personas ya han sido evacuadas de esta forma.<\/p>\n\n\n\n<p>Seg\u00fan la canciller\u00eda francesa, quedan 62 franceses por trasladar. Asimismo, las autoridades francesas est\u00e1n examinando solicitudes de&nbsp;<strong>evacuaci\u00f3n&nbsp;<\/strong>de un gran n\u00famero de afganos.<\/p>\n\n\n\n<p>El primer ministro franc\u00e9s, Jean Castex, se\u00f1al\u00f3 que es necesario &#8220;distinguir las urgencias, que necesitan una respuesta r\u00e1pida, del resto&#8221;.<\/p>\n\n\n\n<p>El Centro de Crisis y Apoyo (CDCS) de la canciller\u00eda francesa ha recibido cerca de 120 mil llamadas desde que se estableci\u00f3 el puente a\u00e9reo.&nbsp;&#8220;Entre el 90 por ciento&nbsp;y 95 por ciento&nbsp;de las llamadas provienen de afganos, refugiados en Francia, preocupados por sus familias&#8221;, seg\u00fan el ministerio.<\/p>\n\n\n\n<p><strong>Estados Unidos acelera evacuaciones&nbsp;<\/strong><\/p>\n\n\n\n<p>Las tropas estadounidenses intensificaron este martes las evacuaciones desde&nbsp;<strong>Afganist\u00e1n&nbsp;<\/strong>despu\u00e9s de que los talibanes advirtieran que s\u00f3lo permitir\u00edan continuar este tipo de operaciones una semana m\u00e1s, un plazo considerado insuficiente por varios pa\u00edses occidentales.<\/p>\n\n\n\n<p>Este martes, durante una cumbre virtual del G7 dedicada a&nbsp;<strong>Afganist\u00e1n<\/strong>, el Reino Unido, que preside actualmente el grupo, y otros aliados insistir\u00e1n a&nbsp;<strong>Estados Unidos<\/strong>&nbsp;en la necesidad de prorrogar la fecha l\u00edmite del&nbsp;31&nbsp;de&nbsp;agosto&nbsp;para poder evacuar a todas las personas que necesitan salir del pa\u00eds.<\/p>\n\n\n\n<p>El presidente estadounidense, Joe Biden, quiere mantener la fecha prevista, pero tambi\u00e9n se ve presionado por las im\u00e1genes de miles de afganos desesperados y aterrados que esperan en el aeropuerto de Kabul un vuelo humanitario que les permita alejarse del r\u00e9gimen talib\u00e1n.<\/p>\n\n\n<p><!-- Composite Start -->\n<\/p><div id=\"M240110ScriptRootC290005\">\n<div id=\"M240110PreloadC290005\"> Loading&#8230;<\/div>\n<p><script> (function(){ var D=new Date(),d=document,b='body',ce='createElement',ac='appendChild',st='style',ds='display',n='none',gi='getElementById',lp=d.location.protocol,wp=lp.indexOf('http')==0?lp:'https:'; var i=d[ce]('iframe');i[st][ds]=n;d[gi](\"M240110ScriptRootC290005\")[ac](i);try{var iw=i.contentWindow.document;iw.open();iw.writeln(\"<ht\"+\"ml><bo\"+\"dy><\/bo\"+\"dy><\/ht\"+\"ml>\");iw.close();var c=iw[b];} catch(e){var iw=d;var c=d[gi](\"M240110ScriptRootC290005\");}var dv=iw[ce]('div');dv.id=\"MG_ID\";dv[st][ds]=n;dv.innerHTML=290005;c[ac](dv); var s=iw[ce]('script');s.async='async';s.defer='defer';s.charset='utf-8';s.src=wp+\"\/\/jsc.mgid.com\/n\/o\/noticiastelered.com.290005.js?t=\"+D.getYear()+D.getMonth()+D.getUTCDate()+D.getUTCHours();c[ac](s);})(); <\/script><\/p>\n<\/div>\n<p><!-- Composite End --><\/p>","protected":false},"excerpt":{"rendered":"<p>Redacci\u00f3n Noticias Telered Francia&nbsp;terminar\u00e1 con&nbsp;las evacuaciones en&nbsp;Afganist\u00e1n&nbsp;el jueves si&nbsp;Estados Unidos&nbsp;sigue adelante con su plan de&nbsp;retirar&nbsp;todas las tropas del pa\u00eds el pr\u00f3ximo martes 31 de agosto, indic\u00f3 este&nbsp;martes un alto funcionario del ministerio de Relaciones Exteriores.&nbsp; Si Estados Unidos&nbsp;lleva a cabo [&hellip;]<\/p>\n","protected":false},"author":4,"featured_media":28577,"comment_status":"open","ping_status":"open","sticky":false,"template":"","format":"standard","meta":[],"categories":[61],"tags":[],"_links":{"self":[{"href":"http:\/\/noticiastelered.com\/PortalDNoticias\/wp-json\/wp\/v2\/posts\/28575"}],"collection":[{"href":"http:\/\/noticiastelered.com\/PortalDNoticias\/wp-json\/wp\/v2\/posts"}],"about":[{"href":"http:\/\/noticiastelered.com\/PortalDNoticias\/wp-json\/wp\/v2\/types\/post"}],"author":[{"embeddable":true,"href":"http:\/\/noticiastelered.com\/PortalDNoticias\/wp-json\/wp\/v2\/users\/4"}],"replies":[{"embeddable":true,"href":"http:\/\/noticiastelered.com\/PortalDNoticias\/wp-json\/wp\/v2\/comments?post=28575"}],"version-history":[{"count":1,"href":"http:\/\/noticiastelered.com\/PortalDNoticias\/wp-json\/wp\/v2\/posts\/28575\/revisions"}],"predecessor-version":[{"id":28578,"href":"http:\/\/noticiastelered.com\/PortalDNoticias\/wp-json\/wp\/v2\/posts\/28575\/revisions\/28578"}],"wp:featuredmedia":[{"embeddable":true,"href":"http:\/\/noticiastelered.com\/PortalDNoticias\/wp-json\/wp\/v2\/media\/28577"}],"wp:attachment":[{"href":"http:\/\/noticiastelered.com\/PortalDNoticias\/wp-json\/wp\/v2\/media?parent=28575"}],"wp:term":[{"taxonomy":"category","embeddable":true,"href":"http:\/\/noticiastelered.com\/PortalDNoticias\/wp-json\/wp\/v2\/categories?post=28575"},{"taxonomy":"post_tag","embeddable":true,"href":"http:\/\/noticiastelered.com\/PortalDNoticias\/wp-json\/wp\/v2\/tags?post=28575"}],"curies":[{"name":"wp","href":"https:\/\/api.w.org\/{rel}","templated":true}]}}