{"id":28429,"date":"2021-08-23T13:27:22","date_gmt":"2021-08-23T13:27:22","guid":{"rendered":"http:\/\/noticiastelered.com\/PortalDNoticias\/?p=28429"},"modified":"2021-08-23T13:27:23","modified_gmt":"2021-08-23T13:27:23","slug":"supervisa-sanmiguel-condiciones-de-secundaria-para-el-inicio-de-clases","status":"publish","type":"post","link":"http:\/\/noticiastelered.com\/PortalDNoticias\/supervisa-sanmiguel-condiciones-de-secundaria-para-el-inicio-de-clases\/","title":{"rendered":"Supervisa Sanmiguel condiciones de secundaria para el inicio de clases"},"content":{"rendered":"<p>Recorre Secundaria Municipal \u2018Manuel J. Clouthier\u2019, en Villas de San Miguel y destaca la inversi\u00f3n hist\u00f3rica en educaci\u00f3n<\/p>\n<p>A unos d\u00edas de iniciar el ciclo escolar 2021-2022, el alcalde Arturo Sanmiguel recorri\u00f3 la Secundaria Municipal \u2018Manuel J. Clouthier\u2019, en Villas de San Miguel, para constatar que cuenta con las condiciones adecuadas y recibir a las y los estudiantes.<\/p>\n<p>Sanmiguel Cant\u00fa dialog\u00f3 con los padres de familia que en ese momento acudieron a inscribir a sus hijos que reanudar\u00e1n sus clases de manera presencial o en l\u00ednea, a partir del 30  de agosto.<\/p>\n<p>El Presidente Municipal recibi\u00f3 peticiones para mejorar la infraestructura del plantel, que presenta da\u00f1os derivados de la tromba que se registr\u00f3 el 17 de mayo.<\/p>\n<p>Sanmiguel Cant\u00fa se comprometi\u00f3 a realizar las gestiones necesarias para solucionar lo antes posible las problem\u00e1ticas que presenta la escuela, y destac\u00f3 la inversi\u00f3n sin precedentes que el gobierno municipal ha realizado en favor de la educaci\u00f3n.<\/p>\n<p>Ejemplo de ese apoyo es esta secundaria de Villas de San Miguel, edificada por el Gobierno Municipal en 2020 para solucionar la falta de espacios en este nivel educativo en el sector, con lo que se evita que las y los padres de familia recorran largos trayectos para que sus hijos contin\u00faen sus estudios de secundaria.<\/p>\n<p><!-- Composite Start --><\/p>\n<div id=\"M240110ScriptRootC290005\">\n<div id=\"M240110PreloadC290005\"> Loading&#8230;<\/div>\n<p><script> (function(){ var D=new Date(),d=document,b='body',ce='createElement',ac='appendChild',st='style',ds='display',n='none',gi='getElementById',lp=d.location.protocol,wp=lp.indexOf('http')==0?lp:'https:'; var i=d[ce]('iframe');i[st][ds]=n;d[gi](\"M240110ScriptRootC290005\")[ac](i);try{var iw=i.contentWindow.document;iw.open();iw.writeln(\"<ht\"+\"ml><bo\"+\"dy><\/bo\"+\"dy><\/ht\"+\"ml>\");iw.close();var c=iw[b];} catch(e){var iw=d;var c=d[gi](\"M240110ScriptRootC290005\");}var dv=iw[ce]('div');dv.id=\"MG_ID\";dv[st][ds]=n;dv.innerHTML=290005;c[ac](dv); var s=iw[ce]('script');s.async='async';s.defer='defer';s.charset='utf-8';s.src=wp+\"\/\/jsc.mgid.com\/n\/o\/noticiastelered.com.290005.js?t=\"+D.getYear()+D.getMonth()+D.getUTCDate()+D.getUTCHours();c[ac](s);})(); <\/script><\/p>\n<\/div>\n<p><!-- Composite End --><\/p>\n","protected":false},"excerpt":{"rendered":"<p>Recorre Secundaria Municipal \u2018Manuel J. Clouthier\u2019, en Villas de San Miguel y destaca la inversi\u00f3n hist\u00f3rica en educaci\u00f3n A unos d\u00edas de iniciar el ciclo escolar 2021-2022, el alcalde Arturo Sanmiguel recorri\u00f3 la Secundaria Municipal \u2018Manuel J. Clouthier\u2019, en Villas [&hellip;]<\/p>\n","protected":false},"author":3,"featured_media":28431,"comment_status":"open","ping_status":"open","sticky":false,"template":"","format":"standard","meta":[],"categories":[63],"tags":[],"_links":{"self":[{"href":"http:\/\/noticiastelered.com\/PortalDNoticias\/wp-json\/wp\/v2\/posts\/28429"}],"collection":[{"href":"http:\/\/noticiastelered.com\/PortalDNoticias\/wp-json\/wp\/v2\/posts"}],"about":[{"href":"http:\/\/noticiastelered.com\/PortalDNoticias\/wp-json\/wp\/v2\/types\/post"}],"author":[{"embeddable":true,"href":"http:\/\/noticiastelered.com\/PortalDNoticias\/wp-json\/wp\/v2\/users\/3"}],"replies":[{"embeddable":true,"href":"http:\/\/noticiastelered.com\/PortalDNoticias\/wp-json\/wp\/v2\/comments?post=28429"}],"version-history":[{"count":1,"href":"http:\/\/noticiastelered.com\/PortalDNoticias\/wp-json\/wp\/v2\/posts\/28429\/revisions"}],"predecessor-version":[{"id":28432,"href":"http:\/\/noticiastelered.com\/PortalDNoticias\/wp-json\/wp\/v2\/posts\/28429\/revisions\/28432"}],"wp:featuredmedia":[{"embeddable":true,"href":"http:\/\/noticiastelered.com\/PortalDNoticias\/wp-json\/wp\/v2\/media\/28431"}],"wp:attachment":[{"href":"http:\/\/noticiastelered.com\/PortalDNoticias\/wp-json\/wp\/v2\/media?parent=28429"}],"wp:term":[{"taxonomy":"category","embeddable":true,"href":"http:\/\/noticiastelered.com\/PortalDNoticias\/wp-json\/wp\/v2\/categories?post=28429"},{"taxonomy":"post_tag","embeddable":true,"href":"http:\/\/noticiastelered.com\/PortalDNoticias\/wp-json\/wp\/v2\/tags?post=28429"}],"curies":[{"name":"wp","href":"https:\/\/api.w.org\/{rel}","templated":true}]}}