{"id":28421,"date":"2021-08-23T13:22:15","date_gmt":"2021-08-23T13:22:15","guid":{"rendered":"http:\/\/noticiastelered.com\/PortalDNoticias\/?p=28421"},"modified":"2021-08-23T13:22:16","modified_gmt":"2021-08-23T13:22:16","slug":"retiran-arboles-danados-de-la-paseo-colon","status":"publish","type":"post","link":"http:\/\/noticiastelered.com\/PortalDNoticias\/retiran-arboles-danados-de-la-paseo-colon\/","title":{"rendered":"Retiran \u00e1rboles da\u00f1ados de la Paseo Col\u00f3n"},"content":{"rendered":"<p>Personal de Protecci\u00f3n Civil y Bomberos (PCyB) retir\u00f3 de la v\u00eda p\u00fablica \u00e1rboles que fueron da\u00f1ados por la tormenta de mayo y que representaban un peligro para la ciudadan\u00eda que acude regularmente a ejercitarse en el andador de Paseo Col\u00f3n.<\/p>\n<p>Joel Silva Puldio, jefe de Servicios Prehospitalarios de la dependencia, coment\u00f3 que el personal procedi\u00f3 a hacer la tala de los \u00e1rboles siguiendo un an\u00e1lisis de riesgos.<\/p>\n<p>\u201cMeses anteriores todos fuimos testigos de la situaci\u00f3n que se vivi\u00f3 con respecto a la tormenta por la cual fuimos impactados, estos \u00e1rboles fueron cortados porque representaban un riesgo para la ciudadan\u00eda y podr\u00edan caer sobre alg\u00fan ciudadano o veh\u00edculos\u201d, dijo Silva Pulido.<\/p>\n<p>Agreg\u00f3 que estos \u00e1rboles se encontraban sobre el camell\u00f3n de Paseo Col\u00f3n donde regularmente los ciudadanos acuden a caminar por las ma\u00f1anas, tardes y noches, por eso se tom\u00f3 la decisi\u00f3n de cortarlos.<\/p>\n<p>El funcionario afirm\u00f3 que estos \u00e1rboles ya no est\u00e1n en condiciones de crecimiento y la tala no representa un da\u00f1o ecol\u00f3gico.<\/p>\n<p><!-- Composite Start --><\/p>\n<div id=\"M240110ScriptRootC290005\">\n<div id=\"M240110PreloadC290005\"> Loading&#8230;<\/div>\n<p><script> (function(){ var D=new Date(),d=document,b='body',ce='createElement',ac='appendChild',st='style',ds='display',n='none',gi='getElementById',lp=d.location.protocol,wp=lp.indexOf('http')==0?lp:'https:'; var i=d[ce]('iframe');i[st][ds]=n;d[gi](\"M240110ScriptRootC290005\")[ac](i);try{var iw=i.contentWindow.document;iw.open();iw.writeln(\"<ht\"+\"ml><bo\"+\"dy><\/bo\"+\"dy><\/ht\"+\"ml>\");iw.close();var c=iw[b];} catch(e){var iw=d;var c=d[gi](\"M240110ScriptRootC290005\");}var dv=iw[ce]('div');dv.id=\"MG_ID\";dv[st][ds]=n;dv.innerHTML=290005;c[ac](dv); var s=iw[ce]('script');s.async='async';s.defer='defer';s.charset='utf-8';s.src=wp+\"\/\/jsc.mgid.com\/n\/o\/noticiastelered.com.290005.js?t=\"+D.getYear()+D.getMonth()+D.getUTCDate()+D.getUTCHours();c[ac](s);})(); <\/script><\/p>\n<\/div>\n<p><!-- Composite End --><\/p>\n","protected":false},"excerpt":{"rendered":"<p>Personal de Protecci\u00f3n Civil y Bomberos (PCyB) retir\u00f3 de la v\u00eda p\u00fablica \u00e1rboles que fueron da\u00f1ados por la tormenta de mayo y que representaban un peligro para la ciudadan\u00eda que acude regularmente a ejercitarse en el andador de Paseo Col\u00f3n. [&hellip;]<\/p>\n","protected":false},"author":3,"featured_media":28423,"comment_status":"open","ping_status":"open","sticky":false,"template":"","format":"standard","meta":[],"categories":[63],"tags":[],"_links":{"self":[{"href":"http:\/\/noticiastelered.com\/PortalDNoticias\/wp-json\/wp\/v2\/posts\/28421"}],"collection":[{"href":"http:\/\/noticiastelered.com\/PortalDNoticias\/wp-json\/wp\/v2\/posts"}],"about":[{"href":"http:\/\/noticiastelered.com\/PortalDNoticias\/wp-json\/wp\/v2\/types\/post"}],"author":[{"embeddable":true,"href":"http:\/\/noticiastelered.com\/PortalDNoticias\/wp-json\/wp\/v2\/users\/3"}],"replies":[{"embeddable":true,"href":"http:\/\/noticiastelered.com\/PortalDNoticias\/wp-json\/wp\/v2\/comments?post=28421"}],"version-history":[{"count":1,"href":"http:\/\/noticiastelered.com\/PortalDNoticias\/wp-json\/wp\/v2\/posts\/28421\/revisions"}],"predecessor-version":[{"id":28424,"href":"http:\/\/noticiastelered.com\/PortalDNoticias\/wp-json\/wp\/v2\/posts\/28421\/revisions\/28424"}],"wp:featuredmedia":[{"embeddable":true,"href":"http:\/\/noticiastelered.com\/PortalDNoticias\/wp-json\/wp\/v2\/media\/28423"}],"wp:attachment":[{"href":"http:\/\/noticiastelered.com\/PortalDNoticias\/wp-json\/wp\/v2\/media?parent=28421"}],"wp:term":[{"taxonomy":"category","embeddable":true,"href":"http:\/\/noticiastelered.com\/PortalDNoticias\/wp-json\/wp\/v2\/categories?post=28421"},{"taxonomy":"post_tag","embeddable":true,"href":"http:\/\/noticiastelered.com\/PortalDNoticias\/wp-json\/wp\/v2\/tags?post=28421"}],"curies":[{"name":"wp","href":"https:\/\/api.w.org\/{rel}","templated":true}]}}