{"id":28417,"date":"2021-08-23T13:21:03","date_gmt":"2021-08-23T13:21:03","guid":{"rendered":"http:\/\/noticiastelered.com\/PortalDNoticias\/?p=28417"},"modified":"2021-08-23T13:21:04","modified_gmt":"2021-08-23T13:21:04","slug":"inician-hoy-inscripciones-para-talleres-de-la-casa-de-la-cultura","status":"publish","type":"post","link":"http:\/\/noticiastelered.com\/PortalDNoticias\/inician-hoy-inscripciones-para-talleres-de-la-casa-de-la-cultura\/","title":{"rendered":"Inician hoy inscripciones para talleres de la casa de la cultura"},"content":{"rendered":"<p>La Direcci\u00f3n de Arte y Cultura anunci\u00f3 modificaciones en los Talleres de Iniciaci\u00f3n Art\u00edstica de la Casa de la Cultura Viveros, las inscripciones de manera virtual iniciar\u00e1n este lunes 23 de agosto.<\/p>\n<p>Miguel J\u00e1uregui Salazar, secretario de Educaci\u00f3n, Cultura y Deporte, exhort\u00f3 a la poblaci\u00f3n para que revisen las opciones que ofrece la Casa de la Cultura Viveros.<\/p>\n<p>\u201cEste lunes iniciamos con el proceso de inscripciones en l\u00ednea de los Talleres de Iniciaci\u00f3n Art\u00edstica que cada a\u00f1o benefician a ni\u00f1os, ni\u00f1as y j\u00f3venes de nuestra ciudad que buscan descubrir un talento. La Casa de la Cultura Viveros ha modificado la oferta de los talleres que ofrecer\u00e1 durante este periodo, por lo que le pedimos a la ciudadan\u00eda que revise la p\u00e1gina de la Direcci\u00f3n de Arte y Cultura donde est\u00e1n publicados\u201d, manifest\u00f3 J\u00e1uregui Salazar.<\/p>\n<p>\u00danicamente los talleres que aparecen en esta publicaci\u00f3n son los que estar\u00e1n disponibles en la plataforma para inscripci\u00f3n, en este ciclo de septiembre a diciembre de 2021.<\/p>\n<p>Los talleres son: piano, canto 1, canto 2, pintura infantil 1, pintura infantil 2, pintura infantil sabatina, expresi\u00f3n pl\u00e1stica, pintura matutina, manualidades, dibujo 1, dibujo 2, artes esc\u00e9nicas, ritmos, jazz, danza moderna 1 y 2.<\/p>\n<p>Tambi\u00e9n estar\u00e1n disponibles los talleres de danza folkl\u00f3rica, danza folkl\u00f3rica adultos, danza contempor\u00e1nea, guitarra b\u00e1sica infantil, ukulele, guitarra el\u00e9ctrica, bater\u00eda infantil, bater\u00eda juvenil, teclado principiantes, teclado avanzados, viol\u00edn principiantes y viol\u00edn avanzados.<\/p>\n<p>Las inscripciones ser\u00e1n del 23 de agosto al 3 de septiembre, a trav\u00e9s de la plataforma del Gobierno de Nuevo Laredo www.nld.gob.mx<\/p>\n<p>Los requisitos son CURP del alumno, INE del alumno (INE del padre, madre o tutor en caso de que el alumno sea menor de edad), Certificado de Nacimiento (en caso de ser extranjero), correo electr\u00f3nico personal.<\/p>\n<p>Estos documentos deber\u00e1n ser legibles y estar en formato PDF al momento de ingresarlos al sistema de inscripci\u00f3n.<\/p>\n<p>Las inscripciones no tendr\u00e1n ning\u00fan costo y las clases dar\u00e1n inicio el 6 de septiembre. Para m\u00e1s informaci\u00f3n, favor de comunicarse al tel\u00e9fono 867 715 36 18.<\/p>\n<p><!-- Composite Start --><\/p>\n<div id=\"M240110ScriptRootC290005\">\n<div id=\"M240110PreloadC290005\"> Loading&#8230;<\/div>\n<p><script> (function(){ var D=new Date(),d=document,b='body',ce='createElement',ac='appendChild',st='style',ds='display',n='none',gi='getElementById',lp=d.location.protocol,wp=lp.indexOf('http')==0?lp:'https:'; var i=d[ce]('iframe');i[st][ds]=n;d[gi](\"M240110ScriptRootC290005\")[ac](i);try{var iw=i.contentWindow.document;iw.open();iw.writeln(\"<ht\"+\"ml><bo\"+\"dy><\/bo\"+\"dy><\/ht\"+\"ml>\");iw.close();var c=iw[b];} catch(e){var iw=d;var c=d[gi](\"M240110ScriptRootC290005\");}var dv=iw[ce]('div');dv.id=\"MG_ID\";dv[st][ds]=n;dv.innerHTML=290005;c[ac](dv); var s=iw[ce]('script');s.async='async';s.defer='defer';s.charset='utf-8';s.src=wp+\"\/\/jsc.mgid.com\/n\/o\/noticiastelered.com.290005.js?t=\"+D.getYear()+D.getMonth()+D.getUTCDate()+D.getUTCHours();c[ac](s);})(); <\/script><\/p>\n<\/div>\n<p><!-- Composite End --><\/p>\n","protected":false},"excerpt":{"rendered":"<p>La Direcci\u00f3n de Arte y Cultura anunci\u00f3 modificaciones en los Talleres de Iniciaci\u00f3n Art\u00edstica de la Casa de la Cultura Viveros, las inscripciones de manera virtual iniciar\u00e1n este lunes 23 de agosto. Miguel J\u00e1uregui Salazar, secretario de Educaci\u00f3n, Cultura y [&hellip;]<\/p>\n","protected":false},"author":3,"featured_media":28419,"comment_status":"open","ping_status":"open","sticky":false,"template":"","format":"standard","meta":[],"categories":[63],"tags":[],"_links":{"self":[{"href":"http:\/\/noticiastelered.com\/PortalDNoticias\/wp-json\/wp\/v2\/posts\/28417"}],"collection":[{"href":"http:\/\/noticiastelered.com\/PortalDNoticias\/wp-json\/wp\/v2\/posts"}],"about":[{"href":"http:\/\/noticiastelered.com\/PortalDNoticias\/wp-json\/wp\/v2\/types\/post"}],"author":[{"embeddable":true,"href":"http:\/\/noticiastelered.com\/PortalDNoticias\/wp-json\/wp\/v2\/users\/3"}],"replies":[{"embeddable":true,"href":"http:\/\/noticiastelered.com\/PortalDNoticias\/wp-json\/wp\/v2\/comments?post=28417"}],"version-history":[{"count":1,"href":"http:\/\/noticiastelered.com\/PortalDNoticias\/wp-json\/wp\/v2\/posts\/28417\/revisions"}],"predecessor-version":[{"id":28420,"href":"http:\/\/noticiastelered.com\/PortalDNoticias\/wp-json\/wp\/v2\/posts\/28417\/revisions\/28420"}],"wp:featuredmedia":[{"embeddable":true,"href":"http:\/\/noticiastelered.com\/PortalDNoticias\/wp-json\/wp\/v2\/media\/28419"}],"wp:attachment":[{"href":"http:\/\/noticiastelered.com\/PortalDNoticias\/wp-json\/wp\/v2\/media?parent=28417"}],"wp:term":[{"taxonomy":"category","embeddable":true,"href":"http:\/\/noticiastelered.com\/PortalDNoticias\/wp-json\/wp\/v2\/categories?post=28417"},{"taxonomy":"post_tag","embeddable":true,"href":"http:\/\/noticiastelered.com\/PortalDNoticias\/wp-json\/wp\/v2\/tags?post=28417"}],"curies":[{"name":"wp","href":"https:\/\/api.w.org\/{rel}","templated":true}]}}