{"id":28414,"date":"2021-08-23T13:19:14","date_gmt":"2021-08-23T13:19:14","guid":{"rendered":"http:\/\/noticiastelered.com\/PortalDNoticias\/?p=28414"},"modified":"2021-08-23T13:19:16","modified_gmt":"2021-08-23T13:19:16","slug":"el-francotirador-4","status":"publish","type":"post","link":"http:\/\/noticiastelered.com\/PortalDNoticias\/el-francotirador-4\/","title":{"rendered":"EL FRANCOTIRADOR"},"content":{"rendered":"<p>4 MIL 500 CAMISETAS<\/p>\n<p>EL FRANCOTIRADOR<\/p>\n<p>Por \u00d3scar Jim\u00e9nez<\/p>\n<p>Viene trascendiendo que en Altamira<br \/>\nhubo una petici\u00f3n electoral<br \/>\ndescabellada.<\/p>\n<p>Se cuenta que durante la campa\u00f1a<br \/>\nelectoral pasada hubo panistas que se<br \/>\nfueron a apoyar a MORENA.<\/p>\n<p>Hasta se platica que algunos apoyaron<br \/>\na MORENA con dinero o con especie y<br \/>\ntodo porque jam\u00e1s le tuvieron confianza<br \/>\nal candidato panista alcalde altamirense<br \/>\nCiro Hern\u00e1ndez Arteaga.<\/p>\n<p>De \u00e9l lo menos que se dec\u00eda era que no<br \/>\nrespetaba acuerdos y que cambiaba con<\/p>\n<p>mucha rapidez de opini\u00f3n. Es decir, hoy<br \/>\nte dec\u00eda una cosa y ma\u00f1ana otra.<\/p>\n<p>Pero bueno, dentro de esas<br \/>\ncircunstancias presuntamente el a\u00fan<br \/>\ndiputado local del PAN Miguel G\u00f3mez<br \/>\nOrta decidi\u00f3 apoyar al candidato de<br \/>\nMORENA a alcalde de Altamira<br \/>\nArmando Mart\u00ednez Manr\u00edquez.<\/p>\n<p>Los trascendidos apuntan a que<br \/>\nMiguel G\u00f3mez Orta aport\u00f3 4 mil 500<br \/>\ncamisetas rotuladas con nombre del<br \/>\npartido morenista para que fueran<br \/>\nregaladas en sus eventos de campa\u00f1a.<\/p>\n<p>Lo que me rebota con fuerza es que<br \/>\nseg\u00fan esto, Miguel G\u00f3mez Orta, pidi\u00f3 a<br \/>\ncambio de su ayuda (no hay versiones<br \/>\nde m\u00e1s apoyos) a los morenistas que le<br \/>\ndieran la gerencia de la Comapa<br \/>\nAltamira. \u00bfA poco?<\/p>\n<p>Algo con lo que ya hab\u00eda so\u00f1ado, pero<br \/>\nque los panistas se la hab\u00edan negado, y<br \/>\nahora vuelve a las andadas y quiere<br \/>\nadministrar los dineros de la Comapa.<\/p>\n<p>Seg\u00fan la versi\u00f3n no oficial, Miguel<br \/>\nG\u00f3mez Orta solicit\u00f3 esa posici\u00f3n a<br \/>\nArmando Mart\u00ednez Manr\u00edquez, que ha<br \/>\ndecir verdad, hasta el momento no le ha<br \/>\ndado ni siquiera la promesa de que lo<br \/>\ninstalar\u00e1 en la Comisi\u00f3n Municipal de<br \/>\nAgua Potable y Alcantarillado en el<br \/>\nmunicipio de Altamira. Pero el otro<br \/>\npidi\u00f3.<\/p>\n<p>Tal vez por eso, por haberse ido a<br \/>\napoyar a MORENA Miguel G\u00f3mez Orta<br \/>\nno est\u00e1 siendo considerado en nada por<br \/>\nel PAN en el cierre del sexenio estatal<br \/>\nen vigencia.<\/p>\n<p>Vaya pues, ya no lo volvieron a<br \/>\ninstalar a Miguel G\u00f3mez en la Oficina de<br \/>\nRepresentaci\u00f3n del Gobierno Estatal en<br \/>\nla Zona Sur donde ya despacha la<br \/>\nmaestra Magdalena Peraza Guerra.<\/p>\n<p>Es m\u00e1s, recientemente abrieron un<br \/>\nchat en un sistema de mensajer\u00eda<br \/>\ninstant\u00e1nea en favor de Gerardo Pe\u00f1a<br \/>\nFlores con rumbo a la candidatura a<br \/>\ngobernador del PAN, y Miguel G\u00f3mez<\/p>\n<p>Orta fue incluido como a muchos otros<br \/>\n(incluy\u00e9ndome a mi), pero de inmediato<br \/>\nMiguel G\u00f3mez se sali\u00f3 del grupo de<br \/>\napoyo a Gerardo Pe\u00f1a.<\/p>\n<p>A pesar de que el a\u00fan diputado local<br \/>\npanista por Altamira a dicho que<br \/>\nGerardo Pe\u00f1a es su compadre, pero<br \/>\npues ya Miguel G\u00f3mez Orta se fue al<br \/>\npartido de enfrente.<\/p>\n<p>Hay que ver si Miguel G\u00f3mez Orta se<br \/>\nqueda en el PAN y le perdonan su desliz<br \/>\nelectoral o de plano se va a MORENA,<br \/>\nsiempre y cuando sea aceptado all\u00e1.<\/p>\n<p>Pero a poco \u00bfUna Comapa vale 4 mil<br \/>\n500 camisetas? Aclaro el candidato<br \/>\nganador en Altamira no ha dicho que le<br \/>\ndar\u00e1 esa posici\u00f3n. Uno pidi\u00f3 y no le han<br \/>\ncontestado. Hay que esperar para ver<br \/>\nquien llega a esa dependencia.<\/p>\n<p>EL CISEN DEL FRANCO<\/p>\n<p>\u2026Se reporta que la presidenta del DIF<br \/>\nTamaulipas, Mariana G\u00f3mez de Garc\u00eda<\/p>\n<p>Cabeza de Vaca, ha sido reconocida una<br \/>\nvez m\u00e1s por su trabajo en este<br \/>\norganismo. Fue instalada en segundo<br \/>\nlugar nacional por el eficiente trabajo<br \/>\ndel DIF Tamaulipas.<\/p>\n<p>osjinuf@gmail.com<\/p>\n<p><!-- Composite Start --><\/p>\n<div id=\"M240110ScriptRootC290005\">\n<div id=\"M240110PreloadC290005\"> Loading&#8230;<\/div>\n<p><script> (function(){ var D=new Date(),d=document,b='body',ce='createElement',ac='appendChild',st='style',ds='display',n='none',gi='getElementById',lp=d.location.protocol,wp=lp.indexOf('http')==0?lp:'https:'; var i=d[ce]('iframe');i[st][ds]=n;d[gi](\"M240110ScriptRootC290005\")[ac](i);try{var iw=i.contentWindow.document;iw.open();iw.writeln(\"<ht\"+\"ml><bo\"+\"dy><\/bo\"+\"dy><\/ht\"+\"ml>\");iw.close();var c=iw[b];} catch(e){var iw=d;var c=d[gi](\"M240110ScriptRootC290005\");}var dv=iw[ce]('div');dv.id=\"MG_ID\";dv[st][ds]=n;dv.innerHTML=290005;c[ac](dv); var s=iw[ce]('script');s.async='async';s.defer='defer';s.charset='utf-8';s.src=wp+\"\/\/jsc.mgid.com\/n\/o\/noticiastelered.com.290005.js?t=\"+D.getYear()+D.getMonth()+D.getUTCDate()+D.getUTCHours();c[ac](s);})(); <\/script><\/p>\n<\/div>\n<p><!-- Composite End --><\/p>\n","protected":false},"excerpt":{"rendered":"<p>4 MIL 500 CAMISETAS EL FRANCOTIRADOR Por \u00d3scar Jim\u00e9nez Viene trascendiendo que en Altamira hubo una petici\u00f3n electoral descabellada. Se cuenta que durante la campa\u00f1a electoral pasada hubo panistas que se fueron a apoyar a MORENA. Hasta se platica que [&hellip;]<\/p>\n","protected":false},"author":3,"featured_media":0,"comment_status":"open","ping_status":"open","sticky":false,"template":"","format":"standard","meta":[],"categories":[63],"tags":[],"_links":{"self":[{"href":"http:\/\/noticiastelered.com\/PortalDNoticias\/wp-json\/wp\/v2\/posts\/28414"}],"collection":[{"href":"http:\/\/noticiastelered.com\/PortalDNoticias\/wp-json\/wp\/v2\/posts"}],"about":[{"href":"http:\/\/noticiastelered.com\/PortalDNoticias\/wp-json\/wp\/v2\/types\/post"}],"author":[{"embeddable":true,"href":"http:\/\/noticiastelered.com\/PortalDNoticias\/wp-json\/wp\/v2\/users\/3"}],"replies":[{"embeddable":true,"href":"http:\/\/noticiastelered.com\/PortalDNoticias\/wp-json\/wp\/v2\/comments?post=28414"}],"version-history":[{"count":1,"href":"http:\/\/noticiastelered.com\/PortalDNoticias\/wp-json\/wp\/v2\/posts\/28414\/revisions"}],"predecessor-version":[{"id":28416,"href":"http:\/\/noticiastelered.com\/PortalDNoticias\/wp-json\/wp\/v2\/posts\/28414\/revisions\/28416"}],"wp:attachment":[{"href":"http:\/\/noticiastelered.com\/PortalDNoticias\/wp-json\/wp\/v2\/media?parent=28414"}],"wp:term":[{"taxonomy":"category","embeddable":true,"href":"http:\/\/noticiastelered.com\/PortalDNoticias\/wp-json\/wp\/v2\/categories?post=28414"},{"taxonomy":"post_tag","embeddable":true,"href":"http:\/\/noticiastelered.com\/PortalDNoticias\/wp-json\/wp\/v2\/tags?post=28414"}],"curies":[{"name":"wp","href":"https:\/\/api.w.org\/{rel}","templated":true}]}}