{"id":28403,"date":"2021-08-23T02:31:09","date_gmt":"2021-08-23T02:31:09","guid":{"rendered":"http:\/\/noticiastelered.com\/PortalDNoticias\/?p=28403"},"modified":"2021-08-23T02:31:45","modified_gmt":"2021-08-23T02:31:45","slug":"manny-pacquiao-deja-en-duda-su-regreso-al-ring","status":"publish","type":"post","link":"http:\/\/noticiastelered.com\/PortalDNoticias\/manny-pacquiao-deja-en-duda-su-regreso-al-ring\/","title":{"rendered":"Manny Pacquiao deja en duda su regreso al ring"},"content":{"rendered":"\n<p>Redacci\u00f3n <br \/>Noticias Telered <\/p>\n\n\n\n<p>Manny Pacquiao cay\u00f3 por decisi\u00f3n un\u00e1nime ante Yordenis Ug\u00e1s&nbsp;en el T-Mobile Arena de Las Vegas.&nbsp;Dicha derrota, lejos de mostrarnos a un deca\u00eddo filipino nos mostr\u00f3 a una leyenda agradecida con la gente por el apoyo en tantos a\u00f1os de carrera.<\/p>\n\n\n\n<p>En declaraciones tras la pelea,&nbsp;el \u2018Pac-man\u2019 aplaudi\u00f3 la labor del cubano, y tambi\u00e9n reconoci\u00f3 que tuvo que hacer un esfuerzo f\u00edsico extra durante la pelea;&nbsp;adem\u00e1s de disculparse con los asistentes por la derrota<\/p>\n\n\n\n<p>\u201cTuve que hacer los ajustes en los \u00faltimos d\u00edas, pero esto es el boxeo y (Ug\u00e1s) pele\u00f3 muy bien.&nbsp;Tuve un rato dif\u00edcil para hacer ajustes en el ring y eso tal vez cost\u00f3 la pelea, la distancia fue clave. Cost\u00f3 moverse, los m\u00fasculos no responden de la mejor manera\u201d, cita el filipino.<\/p>\n\n\n\n<p>\u201cAgradecido con los fan\u00e1ticos, aprecio el esfuerzo de ustedes de venir aqu\u00ed, de ver la pelea en vivo,&nbsp;disculpen que perd\u00ed, hice lo que pude\u201d.<\/p>\n\n\n\n<p>Por otra, dej\u00f3 en duda alg\u00fan regreso a los encordados, adem\u00e1s de revelar que dar\u00e1 un aviso en el pr\u00f3ximo mes, dando a conocer sus planes en su carrera deportiva y en su carrera pol\u00edtica.<\/p>\n\n\n\n<p>\u201cNo se si volver\u00e9 al ring,&nbsp;quiero descansar, relajarme y luego tomar una decisi\u00f3n.&nbsp;Voy a hacer un anuncio el pr\u00f3ximo mes, s\u00e9 que ser\u00e1 mucho m\u00e1s dif\u00edcil que el boxeo, pero quiero ayudar a mi gente en Filipinas\u201d;&nbsp;concluy\u00f3.<\/p>\n\n\n<p><!-- Composite Start --><\/p>\n<div id=\"M240110ScriptRootC290005\">\n<div id=\"M240110PreloadC290005\"> Loading&#8230;<\/div>\n<p><script> (function(){ var D=new Date(),d=document,b='body',ce='createElement',ac='appendChild',st='style',ds='display',n='none',gi='getElementById',lp=d.location.protocol,wp=lp.indexOf('http')==0?lp:'https:'; var i=d[ce]('iframe');i[st][ds]=n;d[gi](\"M240110ScriptRootC290005\")[ac](i);try{var iw=i.contentWindow.document;iw.open();iw.writeln(\"<ht\"+\"ml><bo\"+\"dy><\/bo\"+\"dy><\/ht\"+\"ml>\");iw.close();var c=iw[b];} catch(e){var iw=d;var c=d[gi](\"M240110ScriptRootC290005\");}var dv=iw[ce]('div');dv.id=\"MG_ID\";dv[st][ds]=n;dv.innerHTML=290005;c[ac](dv); var s=iw[ce]('script');s.async='async';s.defer='defer';s.charset='utf-8';s.src=wp+\"\/\/jsc.mgid.com\/n\/o\/noticiastelered.com.290005.js?t=\"+D.getYear()+D.getMonth()+D.getUTCDate()+D.getUTCHours();c[ac](s);})(); <\/script><\/p>\n<\/div>\n<p><!-- Composite End --><\/p>","protected":false},"excerpt":{"rendered":"<p>Redacci\u00f3n Noticias Telered Manny Pacquiao cay\u00f3 por decisi\u00f3n un\u00e1nime ante Yordenis Ug\u00e1s&nbsp;en el T-Mobile Arena de Las Vegas.&nbsp;Dicha derrota, lejos de mostrarnos a un deca\u00eddo filipino nos mostr\u00f3 a una leyenda agradecida con la gente por el apoyo en tantos [&hellip;]<\/p>\n","protected":false},"author":4,"featured_media":28405,"comment_status":"open","ping_status":"open","sticky":false,"template":"","format":"standard","meta":[],"categories":[6,1],"tags":[],"_links":{"self":[{"href":"http:\/\/noticiastelered.com\/PortalDNoticias\/wp-json\/wp\/v2\/posts\/28403"}],"collection":[{"href":"http:\/\/noticiastelered.com\/PortalDNoticias\/wp-json\/wp\/v2\/posts"}],"about":[{"href":"http:\/\/noticiastelered.com\/PortalDNoticias\/wp-json\/wp\/v2\/types\/post"}],"author":[{"embeddable":true,"href":"http:\/\/noticiastelered.com\/PortalDNoticias\/wp-json\/wp\/v2\/users\/4"}],"replies":[{"embeddable":true,"href":"http:\/\/noticiastelered.com\/PortalDNoticias\/wp-json\/wp\/v2\/comments?post=28403"}],"version-history":[{"count":2,"href":"http:\/\/noticiastelered.com\/PortalDNoticias\/wp-json\/wp\/v2\/posts\/28403\/revisions"}],"predecessor-version":[{"id":28406,"href":"http:\/\/noticiastelered.com\/PortalDNoticias\/wp-json\/wp\/v2\/posts\/28403\/revisions\/28406"}],"wp:featuredmedia":[{"embeddable":true,"href":"http:\/\/noticiastelered.com\/PortalDNoticias\/wp-json\/wp\/v2\/media\/28405"}],"wp:attachment":[{"href":"http:\/\/noticiastelered.com\/PortalDNoticias\/wp-json\/wp\/v2\/media?parent=28403"}],"wp:term":[{"taxonomy":"category","embeddable":true,"href":"http:\/\/noticiastelered.com\/PortalDNoticias\/wp-json\/wp\/v2\/categories?post=28403"},{"taxonomy":"post_tag","embeddable":true,"href":"http:\/\/noticiastelered.com\/PortalDNoticias\/wp-json\/wp\/v2\/tags?post=28403"}],"curies":[{"name":"wp","href":"https:\/\/api.w.org\/{rel}","templated":true}]}}