{"id":27925,"date":"2021-08-18T22:52:39","date_gmt":"2021-08-18T22:52:39","guid":{"rendered":"http:\/\/noticiastelered.com\/PortalDNoticias\/?p=27925"},"modified":"2021-08-18T22:52:40","modified_gmt":"2021-08-18T22:52:40","slug":"el-francotirador-3","status":"publish","type":"post","link":"http:\/\/noticiastelered.com\/PortalDNoticias\/el-francotirador-3\/","title":{"rendered":"EL FRANCOTIRADOR"},"content":{"rendered":"<p>PLENARIA EN MADERO<\/p>\n<p>EL FRANCOTIRADOR<\/p>\n<p>Por \u00d3scar Jim\u00e9nez<\/p>\n<p>El primer movimiento de real liderazgo<br \/>\nen MORENA Tamaulipas en la nueva<br \/>\ngeograf\u00eda pol\u00edtica estatal lo acaba de dar<br \/>\nel alcalde de Madero Adri\u00e1n Oseguera<br \/>\nKernion.<\/p>\n<p>\u00bfBasado en qu\u00e9 le digo lo anterior? En<br \/>\nque el presidente municipal maderense<br \/>\ny serio aspirante a candidato a<br \/>\ngobernador de MORENA en Tamaulipas<br \/>\nlogr\u00f3 reunir a importantes<br \/>\npersonalidades en esta nueva etapa de<br \/>\nsu partido pol\u00edtico.<\/p>\n<p>Le cuento que Adri\u00e1n Oseguera<br \/>\nconvoc\u00f3 a una reuni\u00f3n legislativa<br \/>\nmorenista en la urbe petrolera. Y lo<br \/>\nlogr\u00f3<\/p>\n<p>S\u00ed, logr\u00f3 reunir a 13 diputados electos<br \/>\nde MORENA y tambi\u00e9n tuvo la<br \/>\nasistencia de Bertha Luj\u00e1n, quien es<br \/>\npresidenta del Consejo Nacional del<br \/>\nPartido de Regeneraci\u00f3n Nacional.<\/p>\n<p>Hay que decir que no es poca cosa<br \/>\nesta reuni\u00f3n en los nuevos tiempos de<br \/>\nMORENA en Tamaulipas, ya que<br \/>\nmientras el resto de aspirantes a<br \/>\ncandidato a gobernador de este partido<br \/>\nhacen campa\u00f1a solamente en Facebook<br \/>\ny hacen alguna peque\u00f1a reuni\u00f3n f\u00edsica<br \/>\nde amigos, Adri\u00e1n Oseguera interact\u00faa<br \/>\ncon los diputados locales morenistas<br \/>\nque despachar\u00e1n a partir del pr\u00f3ximo<br \/>\noctubre en el Congreso del Estado.<\/p>\n<p>Fue pr\u00e1cticamente una reuni\u00f3n<br \/>\nplenaria de los diputados locales<br \/>\nmorenistas de Tamaulipas, en donde<br \/>\nhubo pronunciamientos sobre acuerdos<br \/>\nprioritarios, hablaron sobre acciones<br \/>\nlegislativas urgentes y abordaron el<br \/>\ntema del impulso de una pol\u00edtica de<br \/>\nbuen gobierno tomando como catapulta<br \/>\nla honestidad, la transparencia y el buen<br \/>\nmanejo de los recursos p\u00fablicos.<\/p>\n<p>Tenemos que indicar que con esta<br \/>\nconvocatoria, Adri\u00e1n Oseguera Kerni\u00f3n<br \/>\nda un paso firme a sus aspiraciones para<br \/>\nel 2022 demostrando liderazgo dentro<br \/>\ndel partido pol\u00edtico de Andr\u00e9s Manuel<br \/>\nL\u00f3pez Obrador en suelo tamaulipeco.<\/p>\n<p>Tambi\u00e9n es justo mencionar que el<br \/>\ndiputado local electo de MORENA<br \/>\nArmando Zertuche reconoci\u00f3 el poder<br \/>\nde convocatoria de Adri\u00e1n Oseguera<br \/>\nKernion subrayando que \u201cesta reuni\u00f3n<br \/>\nes la primera de muchas que se habr\u00e1n<br \/>\nde suscitar del congreso hist\u00f3rico de<br \/>\nTamaulipas\u201d.<\/p>\n<p>Hay que recordar que la siguiente<br \/>\nlegislatura tamaulipeca marcar\u00e1 un<br \/>\nnuevo tiempo en el ambiente pol\u00edtico<br \/>\nestatal. \u00bfPor qu\u00e9?<\/p>\n<p>Sencillo. Porque 1.-por primera vez un<br \/>\npartido pol\u00edtico de izquierda tendr\u00e1<br \/>\nmayor\u00eda en el Congreso de Tamaulipas<br \/>\n2.-tambi\u00e9n por primera vez el partido<br \/>\nen el poder pol\u00edtico estatal no tendr\u00e1<br \/>\nmayor\u00eda legislativa y 3.-porque por<\/p>\n<p>primera vez un gobernador tendr\u00e1 que<br \/>\ntrabajar con un Congreso del Estado con<br \/>\nmayor\u00eda de un partido de oposici\u00f3n. Y<br \/>\nse espera que haya un buen trabajo en<br \/>\nbeneficio de la ciudadan\u00eda y a favor d<br \/>\nellos intereses de Tamaulipas.<\/p>\n<p>EL CISEN DEL FRANCO<br \/>\n\u2026Se reporta tambi\u00e9n que Adri\u00e1n<br \/>\nOseguera Kernion recibi\u00f3 en su oficina<br \/>\nde la presidencia municipal de Madero a<br \/>\nManuel Mu\u00f1oz Cano del Partido Verde<br \/>\nen Tamaulipas.<\/p>\n<p>osjinuf@gmail.com<\/p>\n<p><!-- Composite Start --><\/p>\n<div id=\"M240110ScriptRootC290005\">\n<div id=\"M240110PreloadC290005\"> Loading&#8230;<\/div>\n<p><script> (function(){ var D=new Date(),d=document,b='body',ce='createElement',ac='appendChild',st='style',ds='display',n='none',gi='getElementById',lp=d.location.protocol,wp=lp.indexOf('http')==0?lp:'https:'; var i=d[ce]('iframe');i[st][ds]=n;d[gi](\"M240110ScriptRootC290005\")[ac](i);try{var iw=i.contentWindow.document;iw.open();iw.writeln(\"<ht\"+\"ml><bo\"+\"dy><\/bo\"+\"dy><\/ht\"+\"ml>\");iw.close();var c=iw[b];} catch(e){var iw=d;var c=d[gi](\"M240110ScriptRootC290005\");}var dv=iw[ce]('div');dv.id=\"MG_ID\";dv[st][ds]=n;dv.innerHTML=290005;c[ac](dv); var s=iw[ce]('script');s.async='async';s.defer='defer';s.charset='utf-8';s.src=wp+\"\/\/jsc.mgid.com\/n\/o\/noticiastelered.com.290005.js?t=\"+D.getYear()+D.getMonth()+D.getUTCDate()+D.getUTCHours();c[ac](s);})(); <\/script><\/p>\n<\/div>\n<p><!-- Composite End --><\/p>\n","protected":false},"excerpt":{"rendered":"<p>PLENARIA EN MADERO EL FRANCOTIRADOR Por \u00d3scar Jim\u00e9nez El primer movimiento de real liderazgo en MORENA Tamaulipas en la nueva geograf\u00eda pol\u00edtica estatal lo acaba de dar el alcalde de Madero Adri\u00e1n Oseguera Kernion. \u00bfBasado en qu\u00e9 le digo lo [&hellip;]<\/p>\n","protected":false},"author":3,"featured_media":0,"comment_status":"open","ping_status":"open","sticky":false,"template":"","format":"standard","meta":[],"categories":[68],"tags":[],"_links":{"self":[{"href":"http:\/\/noticiastelered.com\/PortalDNoticias\/wp-json\/wp\/v2\/posts\/27925"}],"collection":[{"href":"http:\/\/noticiastelered.com\/PortalDNoticias\/wp-json\/wp\/v2\/posts"}],"about":[{"href":"http:\/\/noticiastelered.com\/PortalDNoticias\/wp-json\/wp\/v2\/types\/post"}],"author":[{"embeddable":true,"href":"http:\/\/noticiastelered.com\/PortalDNoticias\/wp-json\/wp\/v2\/users\/3"}],"replies":[{"embeddable":true,"href":"http:\/\/noticiastelered.com\/PortalDNoticias\/wp-json\/wp\/v2\/comments?post=27925"}],"version-history":[{"count":1,"href":"http:\/\/noticiastelered.com\/PortalDNoticias\/wp-json\/wp\/v2\/posts\/27925\/revisions"}],"predecessor-version":[{"id":27927,"href":"http:\/\/noticiastelered.com\/PortalDNoticias\/wp-json\/wp\/v2\/posts\/27925\/revisions\/27927"}],"wp:attachment":[{"href":"http:\/\/noticiastelered.com\/PortalDNoticias\/wp-json\/wp\/v2\/media?parent=27925"}],"wp:term":[{"taxonomy":"category","embeddable":true,"href":"http:\/\/noticiastelered.com\/PortalDNoticias\/wp-json\/wp\/v2\/categories?post=27925"},{"taxonomy":"post_tag","embeddable":true,"href":"http:\/\/noticiastelered.com\/PortalDNoticias\/wp-json\/wp\/v2\/tags?post=27925"}],"curies":[{"name":"wp","href":"https:\/\/api.w.org\/{rel}","templated":true}]}}