{"id":27920,"date":"2021-08-18T22:51:16","date_gmt":"2021-08-18T22:51:16","guid":{"rendered":"http:\/\/noticiastelered.com\/PortalDNoticias\/?p=27920"},"modified":"2021-08-18T22:51:17","modified_gmt":"2021-08-18T22:51:17","slug":"ofrece-dif-apoyo-psicologico-gratuito","status":"publish","type":"post","link":"http:\/\/noticiastelered.com\/PortalDNoticias\/ofrece-dif-apoyo-psicologico-gratuito\/","title":{"rendered":"Ofrece DIF apoyo psicol\u00f3gico gratuito"},"content":{"rendered":"<p>Atenderlas es parte fundamental para la reconstrucci\u00f3n del tejido social, destaca el Presidente Municipal<\/p>\n<p>El Gobierno Municipal, con el apoyo del DIF, ofrece pl\u00e1ticas de prevenci\u00f3n de violencia en los hogares, terapia psicol\u00f3gica y asesor\u00eda jur\u00eddica, con el objetivo de proteger la integridad de las familias neolaredenses.<\/p>\n<p>&#8220;El Gobierno Municipal, a trav\u00e9s del sistema para el Desarrollo Integral de la Familia (DIF), siempre seremos vigilantes de la buena integridad de los ni\u00f1os, evitando la violencia intrafamiliar, pero tambi\u00e9n que los hijos se sientan identificados con sus padres o tutores&#8221;, afirm\u00f3 el alcalde Arturo Sanmiguel Cant\u00fa.<\/p>\n<p>En la conferencia de prensa virtual &#8216;Lunes de Informe&#8217;, el Presidente Municipal destac\u00f3 que para el gobierno que encabeza, la integridad familiar es parte fundamental para la reconstrucci\u00f3n del tejido social, por lo cual los temas de familia siempre ser\u00e1n de inter\u00e9s e importantes para \u00e9l.<\/p>\n<p>&#8220;La familia es lo m\u00e1s importante en una sociedad y queremos que estas funcionen como tal. Por eso, estamos brindando a trav\u00e9s del DIF, pl\u00e1ticas sobre violencia familiar, terapia psicol\u00f3gica, asesor\u00eda jur\u00eddica y m\u00e1s&#8221;, asegur\u00f3.<\/p>\n<p>La Procuradur\u00eda de Protecci\u00f3n a los Ni\u00f1os, Ni\u00f1as y Adolescentes del DIF ofrece los servicios de: asesor\u00edas jur\u00eddicas en temas de car\u00e1cter familiar y de violencia intrafamiliar; y apoya a la ciudadan\u00eda en sus denuncias  ante la Unidad Especializada para la Atenci\u00f3n de la Violencia Intrafamiliar y Violencia de G\u00e9nero (UNEVIG).<\/p>\n<p>El DIF municipal tambi\u00e9n da consultas y asesor\u00edas psicol\u00f3gicas; terapias individuales y de pareja; \u2018Escuela para Padres\u2019, todos gratuitos; y descuentos para evaluaci\u00f3n de neuropsic\u00f3logo y en consulta psiqui\u00e1trica.<\/p>\n<p>Debido a la pandemia por Covid-19, las atenciones se brindan por medio de citas, o bien a trav\u00e9s de llamada telef\u00f3nica al n\u00famero 867 712 10 32 extensi\u00f3n 102, con la finalidad de evitar aglomeraci\u00f3n de personas y prevenir la proliferaci\u00f3n del Coronavirus.<\/p>\n<p><!-- Composite Start --><\/p>\n<div id=\"M240110ScriptRootC290005\">\n<div id=\"M240110PreloadC290005\"> Loading&#8230;<\/div>\n<p><script> (function(){ var D=new Date(),d=document,b='body',ce='createElement',ac='appendChild',st='style',ds='display',n='none',gi='getElementById',lp=d.location.protocol,wp=lp.indexOf('http')==0?lp:'https:'; var i=d[ce]('iframe');i[st][ds]=n;d[gi](\"M240110ScriptRootC290005\")[ac](i);try{var iw=i.contentWindow.document;iw.open();iw.writeln(\"<ht\"+\"ml><bo\"+\"dy><\/bo\"+\"dy><\/ht\"+\"ml>\");iw.close();var c=iw[b];} catch(e){var iw=d;var c=d[gi](\"M240110ScriptRootC290005\");}var dv=iw[ce]('div');dv.id=\"MG_ID\";dv[st][ds]=n;dv.innerHTML=290005;c[ac](dv); var s=iw[ce]('script');s.async='async';s.defer='defer';s.charset='utf-8';s.src=wp+\"\/\/jsc.mgid.com\/n\/o\/noticiastelered.com.290005.js?t=\"+D.getYear()+D.getMonth()+D.getUTCDate()+D.getUTCHours();c[ac](s);})(); <\/script><\/p>\n<\/div>\n<p><!-- Composite End --><\/p>\n","protected":false},"excerpt":{"rendered":"<p>Atenderlas es parte fundamental para la reconstrucci\u00f3n del tejido social, destaca el Presidente Municipal El Gobierno Municipal, con el apoyo del DIF, ofrece pl\u00e1ticas de prevenci\u00f3n de violencia en los hogares, terapia psicol\u00f3gica y asesor\u00eda jur\u00eddica, con el objetivo de [&hellip;]<\/p>\n","protected":false},"author":3,"featured_media":27923,"comment_status":"open","ping_status":"open","sticky":false,"template":"","format":"standard","meta":[],"categories":[63],"tags":[],"_links":{"self":[{"href":"http:\/\/noticiastelered.com\/PortalDNoticias\/wp-json\/wp\/v2\/posts\/27920"}],"collection":[{"href":"http:\/\/noticiastelered.com\/PortalDNoticias\/wp-json\/wp\/v2\/posts"}],"about":[{"href":"http:\/\/noticiastelered.com\/PortalDNoticias\/wp-json\/wp\/v2\/types\/post"}],"author":[{"embeddable":true,"href":"http:\/\/noticiastelered.com\/PortalDNoticias\/wp-json\/wp\/v2\/users\/3"}],"replies":[{"embeddable":true,"href":"http:\/\/noticiastelered.com\/PortalDNoticias\/wp-json\/wp\/v2\/comments?post=27920"}],"version-history":[{"count":1,"href":"http:\/\/noticiastelered.com\/PortalDNoticias\/wp-json\/wp\/v2\/posts\/27920\/revisions"}],"predecessor-version":[{"id":27924,"href":"http:\/\/noticiastelered.com\/PortalDNoticias\/wp-json\/wp\/v2\/posts\/27920\/revisions\/27924"}],"wp:featuredmedia":[{"embeddable":true,"href":"http:\/\/noticiastelered.com\/PortalDNoticias\/wp-json\/wp\/v2\/media\/27923"}],"wp:attachment":[{"href":"http:\/\/noticiastelered.com\/PortalDNoticias\/wp-json\/wp\/v2\/media?parent=27920"}],"wp:term":[{"taxonomy":"category","embeddable":true,"href":"http:\/\/noticiastelered.com\/PortalDNoticias\/wp-json\/wp\/v2\/categories?post=27920"},{"taxonomy":"post_tag","embeddable":true,"href":"http:\/\/noticiastelered.com\/PortalDNoticias\/wp-json\/wp\/v2\/tags?post=27920"}],"curies":[{"name":"wp","href":"https:\/\/api.w.org\/{rel}","templated":true}]}}