{"id":27916,"date":"2021-08-18T22:47:14","date_gmt":"2021-08-18T22:47:14","guid":{"rendered":"http:\/\/noticiastelered.com\/PortalDNoticias\/?p=27916"},"modified":"2021-08-18T22:47:15","modified_gmt":"2021-08-18T22:47:15","slug":"otorgan-prepas-municipales-facilidades-para-la-inscripcion","status":"publish","type":"post","link":"http:\/\/noticiastelered.com\/PortalDNoticias\/otorgan-prepas-municipales-facilidades-para-la-inscripcion\/","title":{"rendered":"Otorgan Prepas Municipales facilidades para la inscripci\u00f3n"},"content":{"rendered":"<p>Por la restricci\u00f3n en la movilidad debido a la pandemia son flexibles en el proceso<\/p>\n<p>Debido a las restricciones en la movilidad por la pandemia de Covid-19, las Preparatorias Municipales son flexibles en el registro de alumnos de nuevo ingreso y dan facilidades para completar el tr\u00e1mite.<\/p>\n<p>\u201cLos planteles trabajan en el proceso de inscripci\u00f3n, cursos de inducci\u00f3n para j\u00f3venes de nuevo ingreso y capacitaciones. Se mantiene flexibilidad principalmente con estudiantes de nuevo ingreso que les falta alg\u00fan documento o no saben con exactitud d\u00f3nde est\u00e1 la escuela\u201d, inform\u00f3 el director de Educaci\u00f3n Media Superior Municipal, Antonio Arredondo \u00c1lvarez.<\/p>\n<p>Esta semana continuar\u00e1n con la recepci\u00f3n de papeler\u00eda para el ciclo escolar 2021-2022 que arrancar\u00e1 el 30 de agosto. El prop\u00f3sito es que las y los j\u00f3venes preinscritos inicien sus clases en tiempo y forma.<\/p>\n<p>Las preparatorias \u2018Jos\u00e9 Vasconcelos\u2019, \u2018Manuel G\u00f3mez Mor\u00edn\u2019, \u2018Gregorio Chapa Salda\u00f1a\u2019 y la de modalidad abierta atender\u00e1n a 5 mil estudiantes aproximadamente.<\/p>\n<p>\u201cSon alrededor de mil 300 alumnos que ingresar\u00e1n a primer semestre, en conjunto con los que cursar\u00e1n tercer y quinto semestre, atenderemos a 4 mil 500 estudiantes, m\u00e1s las personas registradas en la preparatoria abierta son cerca de 5 mil estudiantes\u201d, destac\u00f3 Arredondo \u00c1lvarez.<\/p>\n<p>El funcionario exhort\u00f3 a los padres de familia a cumplir con el proceso de registro y en cuanto se cuente con la normativa para el regreso a clases, virtual o presencial, se les dar\u00e1 a conocer.<\/p>\n<p><!-- Composite Start --><\/p>\n<div id=\"M240110ScriptRootC290005\">\n<div id=\"M240110PreloadC290005\"> Loading&#8230;<\/div>\n<p><script> (function(){ var D=new Date(),d=document,b='body',ce='createElement',ac='appendChild',st='style',ds='display',n='none',gi='getElementById',lp=d.location.protocol,wp=lp.indexOf('http')==0?lp:'https:'; var i=d[ce]('iframe');i[st][ds]=n;d[gi](\"M240110ScriptRootC290005\")[ac](i);try{var iw=i.contentWindow.document;iw.open();iw.writeln(\"<ht\"+\"ml><bo\"+\"dy><\/bo\"+\"dy><\/ht\"+\"ml>\");iw.close();var c=iw[b];} catch(e){var iw=d;var c=d[gi](\"M240110ScriptRootC290005\");}var dv=iw[ce]('div');dv.id=\"MG_ID\";dv[st][ds]=n;dv.innerHTML=290005;c[ac](dv); var s=iw[ce]('script');s.async='async';s.defer='defer';s.charset='utf-8';s.src=wp+\"\/\/jsc.mgid.com\/n\/o\/noticiastelered.com.290005.js?t=\"+D.getYear()+D.getMonth()+D.getUTCDate()+D.getUTCHours();c[ac](s);})(); <\/script><\/p>\n<\/div>\n<p><!-- Composite End --><\/p>\n","protected":false},"excerpt":{"rendered":"<p>Por la restricci\u00f3n en la movilidad debido a la pandemia son flexibles en el proceso Debido a las restricciones en la movilidad por la pandemia de Covid-19, las Preparatorias Municipales son flexibles en el registro de alumnos de nuevo ingreso [&hellip;]<\/p>\n","protected":false},"author":3,"featured_media":27918,"comment_status":"open","ping_status":"open","sticky":false,"template":"","format":"standard","meta":[],"categories":[63],"tags":[],"_links":{"self":[{"href":"http:\/\/noticiastelered.com\/PortalDNoticias\/wp-json\/wp\/v2\/posts\/27916"}],"collection":[{"href":"http:\/\/noticiastelered.com\/PortalDNoticias\/wp-json\/wp\/v2\/posts"}],"about":[{"href":"http:\/\/noticiastelered.com\/PortalDNoticias\/wp-json\/wp\/v2\/types\/post"}],"author":[{"embeddable":true,"href":"http:\/\/noticiastelered.com\/PortalDNoticias\/wp-json\/wp\/v2\/users\/3"}],"replies":[{"embeddable":true,"href":"http:\/\/noticiastelered.com\/PortalDNoticias\/wp-json\/wp\/v2\/comments?post=27916"}],"version-history":[{"count":1,"href":"http:\/\/noticiastelered.com\/PortalDNoticias\/wp-json\/wp\/v2\/posts\/27916\/revisions"}],"predecessor-version":[{"id":27919,"href":"http:\/\/noticiastelered.com\/PortalDNoticias\/wp-json\/wp\/v2\/posts\/27916\/revisions\/27919"}],"wp:featuredmedia":[{"embeddable":true,"href":"http:\/\/noticiastelered.com\/PortalDNoticias\/wp-json\/wp\/v2\/media\/27918"}],"wp:attachment":[{"href":"http:\/\/noticiastelered.com\/PortalDNoticias\/wp-json\/wp\/v2\/media?parent=27916"}],"wp:term":[{"taxonomy":"category","embeddable":true,"href":"http:\/\/noticiastelered.com\/PortalDNoticias\/wp-json\/wp\/v2\/categories?post=27916"},{"taxonomy":"post_tag","embeddable":true,"href":"http:\/\/noticiastelered.com\/PortalDNoticias\/wp-json\/wp\/v2\/tags?post=27916"}],"curies":[{"name":"wp","href":"https:\/\/api.w.org\/{rel}","templated":true}]}}