{"id":27471,"date":"2021-08-16T14:55:13","date_gmt":"2021-08-16T14:55:13","guid":{"rendered":"http:\/\/noticiastelered.com\/PortalDNoticias\/?p=27471"},"modified":"2021-08-16T14:55:15","modified_gmt":"2021-08-16T14:55:15","slug":"renovacion-total-al-ine-y-tribunal-electoral-amlo","status":"publish","type":"post","link":"http:\/\/noticiastelered.com\/PortalDNoticias\/renovacion-total-al-ine-y-tribunal-electoral-amlo\/","title":{"rendered":"Renovaci\u00f3n total al INE y Tribunal Electoral: AMLO"},"content":{"rendered":"\n<p>Redacci\u00f3n <br><strong> Noticias telered<\/strong><\/p>\n\n\n\n<p>Tras el retiro de tres diputaciones federales a&nbsp;<strong>Morena<\/strong>, el presidente&nbsp;<strong>L\u00f3pez Obrador<\/strong>&nbsp;insisti\u00f3 en impulsar una&nbsp;<strong>reforma&nbsp;<\/strong>para la renovaci\u00f3n completa y del&nbsp;<strong>Instituto Nacional Electoral<\/strong>&nbsp;y el&nbsp;<strong>Tribunal Electoral del Poder Judicial de la Federaci\u00f3n<\/strong>.<\/p>\n\n\n\n<p>&#8220;Vamos a presentar una iniciativas de reforma porque est\u00e1n muy mal, tanto el INE como el TEPJF. Retiro, cambio completo, renovaci\u00f3n tajante, no se puede con lo mismo, no son dem\u00f3cratas, no respetan la voluntad del pueblo, no act\u00faan con rectitud, no aplican que al margen nada y por encima de la ley nadie&#8221;, dijo.<\/p>\n\n\n\n<p>En la Conferencia Ma\u00f1anera, aclar\u00f3 que no es un asunto personal, sino que a su parecer esos organismos electorales no han estado a la altura de las circunstancias y como presidente tiene que dejar establecida una aut\u00e9ntica democracia en el pa\u00eds. Incluso sostuvo que s\u00ed luch\u00f3 por varios a\u00f1os por la democracia, &#8220;c\u00f3mo es que llegamos y dejamos lo mismo&#8221;.<\/p>\n\n\n\n<p>L\u00f3pez Obrador acept\u00f3 que el Tribunal Electoral del Poder Judicial de la Federaci\u00f3n est\u00e1 al servicio de la partidocracia, de los que los pusieron y nombraron a sus integrantes. &#8220;M\u00e1s por su comportamiento faccioso, manejando la ley a su antojo, ni siquiera dependen del Poder Judicial eso es una pantalla. No es del Poder Judicial. Cuando se gener\u00f3 la pol\u00e9mica qued\u00f3 claro, a mi me explicaron que no tienen que ver los ministros del poder judicial&#8221;, indic\u00f3.<\/p>\n\n\n\n<p>Detall\u00f3 que en el TEPJF, los partidos pol\u00edticos crearon un &#8220;Frankenstein&#8221; a imagen y semejanza de sus intereses, y entonces es completamente aut\u00f3nomo e independiente, no dependen del Poder Judicial, aunque en estricto sentido en la formalidad s\u00ed. &#8220;Si los partidos no quieren, que la gente sepa quienes se oponen a la Reforma&#8221;, indic\u00f3.<\/p>\n\n\n\n<p>L\u00f3pez Obrador critic\u00f3 que ahora algunos partidos pol\u00edticos no quieren que se aplique la revocaci\u00f3n de mandato. &#8220;Antes quer\u00edan la consulta y estaban diciendo de que en la revocaci\u00f3n de mandato me iban a destituir, pero ahora ya cambiaron dicen que para qu\u00e9, que ser\u00eda afectar la soberan\u00eda del pueblo porque me eligieron por seis a\u00f1os y los que me eligieron iban a ser afectados en sus derechos&#8221;, finaliz\u00f3.<\/p>\n\n\n<p><!-- Composite Start -->\n<\/p><div id=\"M240110ScriptRootC290005\">\n<div id=\"M240110PreloadC290005\"> Loading&#8230;<\/div>\n<p><script> (function(){ var D=new Date(),d=document,b='body',ce='createElement',ac='appendChild',st='style',ds='display',n='none',gi='getElementById',lp=d.location.protocol,wp=lp.indexOf('http')==0?lp:'https:'; var i=d[ce]('iframe');i[st][ds]=n;d[gi](\"M240110ScriptRootC290005\")[ac](i);try{var iw=i.contentWindow.document;iw.open();iw.writeln(\"<ht\"+\"ml><bo\"+\"dy><\/bo\"+\"dy><\/ht\"+\"ml>\");iw.close();var c=iw[b];} catch(e){var iw=d;var c=d[gi](\"M240110ScriptRootC290005\");}var dv=iw[ce]('div');dv.id=\"MG_ID\";dv[st][ds]=n;dv.innerHTML=290005;c[ac](dv); var s=iw[ce]('script');s.async='async';s.defer='defer';s.charset='utf-8';s.src=wp+\"\/\/jsc.mgid.com\/n\/o\/noticiastelered.com.290005.js?t=\"+D.getYear()+D.getMonth()+D.getUTCDate()+D.getUTCHours();c[ac](s);})(); <\/script><\/p>\n<\/div>\n<p><!-- Composite End --><\/p>","protected":false},"excerpt":{"rendered":"<p>Redacci\u00f3n Noticias telered Tras el retiro de tres diputaciones federales a&nbsp;Morena, el presidente&nbsp;L\u00f3pez Obrador&nbsp;insisti\u00f3 en impulsar una&nbsp;reforma&nbsp;para la renovaci\u00f3n completa y del&nbsp;Instituto Nacional Electoral&nbsp;y el&nbsp;Tribunal Electoral del Poder Judicial de la Federaci\u00f3n. &#8220;Vamos a presentar una iniciativas de reforma porque [&hellip;]<\/p>\n","protected":false},"author":4,"featured_media":27473,"comment_status":"open","ping_status":"open","sticky":false,"template":"","format":"standard","meta":[],"categories":[60],"tags":[],"_links":{"self":[{"href":"http:\/\/noticiastelered.com\/PortalDNoticias\/wp-json\/wp\/v2\/posts\/27471"}],"collection":[{"href":"http:\/\/noticiastelered.com\/PortalDNoticias\/wp-json\/wp\/v2\/posts"}],"about":[{"href":"http:\/\/noticiastelered.com\/PortalDNoticias\/wp-json\/wp\/v2\/types\/post"}],"author":[{"embeddable":true,"href":"http:\/\/noticiastelered.com\/PortalDNoticias\/wp-json\/wp\/v2\/users\/4"}],"replies":[{"embeddable":true,"href":"http:\/\/noticiastelered.com\/PortalDNoticias\/wp-json\/wp\/v2\/comments?post=27471"}],"version-history":[{"count":1,"href":"http:\/\/noticiastelered.com\/PortalDNoticias\/wp-json\/wp\/v2\/posts\/27471\/revisions"}],"predecessor-version":[{"id":27474,"href":"http:\/\/noticiastelered.com\/PortalDNoticias\/wp-json\/wp\/v2\/posts\/27471\/revisions\/27474"}],"wp:featuredmedia":[{"embeddable":true,"href":"http:\/\/noticiastelered.com\/PortalDNoticias\/wp-json\/wp\/v2\/media\/27473"}],"wp:attachment":[{"href":"http:\/\/noticiastelered.com\/PortalDNoticias\/wp-json\/wp\/v2\/media?parent=27471"}],"wp:term":[{"taxonomy":"category","embeddable":true,"href":"http:\/\/noticiastelered.com\/PortalDNoticias\/wp-json\/wp\/v2\/categories?post=27471"},{"taxonomy":"post_tag","embeddable":true,"href":"http:\/\/noticiastelered.com\/PortalDNoticias\/wp-json\/wp\/v2\/tags?post=27471"}],"curies":[{"name":"wp","href":"https:\/\/api.w.org\/{rel}","templated":true}]}}