{"id":27455,"date":"2021-08-16T14:27:53","date_gmt":"2021-08-16T14:27:53","guid":{"rendered":"http:\/\/noticiastelered.com\/PortalDNoticias\/?p=27455"},"modified":"2021-08-16T14:27:54","modified_gmt":"2021-08-16T14:27:54","slug":"arribo-a-haiti-el-primer-avion-de-mexico-con-ayuda-humanitaria","status":"publish","type":"post","link":"http:\/\/noticiastelered.com\/PortalDNoticias\/arribo-a-haiti-el-primer-avion-de-mexico-con-ayuda-humanitaria\/","title":{"rendered":"Arrib\u00f3 a Hait\u00ed el primer avi\u00f3n de M\u00e9xico con ayuda humanitaria"},"content":{"rendered":"\n<p>Redacci\u00f3n <br><strong> Noticias telered<\/strong><\/p>\n\n\n\n<p><strong>Ciudad de M\u00e9xico.-<\/strong> El canciller mexicano, Marcelo Ebrard, anunci\u00f3 el arribo del primer avi\u00f3n con ayuda humanitaria mexicana a Hait\u00ed, para auxiliar a la poblaci\u00f3n tras el terremoto que azot\u00f3 a la isla el pasado s\u00e1bado 14 de agosto.<\/p>\n\n\n\n<p>As\u00ed mismo, el titular de la Secretar\u00eda de Relaciones Exteriores (SRE) inform\u00f3 que la aeronave que transport\u00f3 a los rescatistas volver\u00e1 al pa\u00eds para continuar con los env\u00edos de medicamentos y equipo de ayuda.<\/p>\n\n\n\n<p>El H\u00e9rcules C-130 de la Fuerza A\u00e9rea Mexicana parti\u00f3 ayer domingo 15 de agosto con el capit\u00e1n Ra\u00fal Cerillos al mando. En la tripulaci\u00f3n tambi\u00e9n se encontraba el Embajador de M\u00e9xico en Hait\u00ed, el doctor Jes\u00fas Valdes, as\u00ed como la Directora de la Agencia Mexicana de Cooperaci\u00f3n Internacional para el Desarrollo (AMEXCID), la doctora Laura Carrillo Cubillas, y el Director de Protecci\u00f3n Civil, Ra\u00fal Miliani.<\/p>\n\n\n\n<p>Adem\u00e1s, ayer mismo, la SRE anunci\u00f3 el env\u00edo de dos primeros cargamentos de medicamentos, equipos y v\u00edveres de primera necesidad al pa\u00eds Caribe\u00f1o.<\/p>\n\n\n\n<p>Cabe recordar que, el pasado s\u00e1bado se registr\u00f3 un intento movimiento tel\u00farico de 7.2 en la escala de Richter en el sur de Hait\u00ed, mismo que hasta la madrugada de este lunes aument\u00f3 las muertes a mil 297 y m\u00e1s de 5 mil 700 heridos.<\/p>\n\n\n<p><!-- Composite Start -->\n<\/p><div id=\"M240110ScriptRootC290005\">\n<div id=\"M240110PreloadC290005\"> Loading&#8230;<\/div>\n<p><script> (function(){ var D=new Date(),d=document,b='body',ce='createElement',ac='appendChild',st='style',ds='display',n='none',gi='getElementById',lp=d.location.protocol,wp=lp.indexOf('http')==0?lp:'https:'; var i=d[ce]('iframe');i[st][ds]=n;d[gi](\"M240110ScriptRootC290005\")[ac](i);try{var iw=i.contentWindow.document;iw.open();iw.writeln(\"<ht\"+\"ml><bo\"+\"dy><\/bo\"+\"dy><\/ht\"+\"ml>\");iw.close();var c=iw[b];} catch(e){var iw=d;var c=d[gi](\"M240110ScriptRootC290005\");}var dv=iw[ce]('div');dv.id=\"MG_ID\";dv[st][ds]=n;dv.innerHTML=290005;c[ac](dv); var s=iw[ce]('script');s.async='async';s.defer='defer';s.charset='utf-8';s.src=wp+\"\/\/jsc.mgid.com\/n\/o\/noticiastelered.com.290005.js?t=\"+D.getYear()+D.getMonth()+D.getUTCDate()+D.getUTCHours();c[ac](s);})(); <\/script><\/p>\n<\/div>\n<p><!-- Composite End --><\/p>","protected":false},"excerpt":{"rendered":"<p>Redacci\u00f3n Noticias telered Ciudad de M\u00e9xico.- El canciller mexicano, Marcelo Ebrard, anunci\u00f3 el arribo del primer avi\u00f3n con ayuda humanitaria mexicana a Hait\u00ed, para auxiliar a la poblaci\u00f3n tras el terremoto que azot\u00f3 a la isla el pasado s\u00e1bado 14 [&hellip;]<\/p>\n","protected":false},"author":4,"featured_media":27457,"comment_status":"open","ping_status":"open","sticky":false,"template":"","format":"standard","meta":[],"categories":[61],"tags":[],"_links":{"self":[{"href":"http:\/\/noticiastelered.com\/PortalDNoticias\/wp-json\/wp\/v2\/posts\/27455"}],"collection":[{"href":"http:\/\/noticiastelered.com\/PortalDNoticias\/wp-json\/wp\/v2\/posts"}],"about":[{"href":"http:\/\/noticiastelered.com\/PortalDNoticias\/wp-json\/wp\/v2\/types\/post"}],"author":[{"embeddable":true,"href":"http:\/\/noticiastelered.com\/PortalDNoticias\/wp-json\/wp\/v2\/users\/4"}],"replies":[{"embeddable":true,"href":"http:\/\/noticiastelered.com\/PortalDNoticias\/wp-json\/wp\/v2\/comments?post=27455"}],"version-history":[{"count":1,"href":"http:\/\/noticiastelered.com\/PortalDNoticias\/wp-json\/wp\/v2\/posts\/27455\/revisions"}],"predecessor-version":[{"id":27458,"href":"http:\/\/noticiastelered.com\/PortalDNoticias\/wp-json\/wp\/v2\/posts\/27455\/revisions\/27458"}],"wp:featuredmedia":[{"embeddable":true,"href":"http:\/\/noticiastelered.com\/PortalDNoticias\/wp-json\/wp\/v2\/media\/27457"}],"wp:attachment":[{"href":"http:\/\/noticiastelered.com\/PortalDNoticias\/wp-json\/wp\/v2\/media?parent=27455"}],"wp:term":[{"taxonomy":"category","embeddable":true,"href":"http:\/\/noticiastelered.com\/PortalDNoticias\/wp-json\/wp\/v2\/categories?post=27455"},{"taxonomy":"post_tag","embeddable":true,"href":"http:\/\/noticiastelered.com\/PortalDNoticias\/wp-json\/wp\/v2\/tags?post=27455"}],"curies":[{"name":"wp","href":"https:\/\/api.w.org\/{rel}","templated":true}]}}