{"id":27451,"date":"2021-08-16T14:22:40","date_gmt":"2021-08-16T14:22:40","guid":{"rendered":"http:\/\/noticiastelered.com\/PortalDNoticias\/?p=27451"},"modified":"2021-08-16T14:22:41","modified_gmt":"2021-08-16T14:22:41","slug":"me-toco-comprobarlo-a-la-mala-paty-navidad-admitio-que-existe-el-covid-19","status":"publish","type":"post","link":"http:\/\/noticiastelered.com\/PortalDNoticias\/me-toco-comprobarlo-a-la-mala-paty-navidad-admitio-que-existe-el-covid-19\/","title":{"rendered":"\u201cMe toc\u00f3 comprobarlo a la mala\u201d: Paty Navidad admiti\u00f3 que existe el COVID-19"},"content":{"rendered":"\n<p>Redacci\u00f3n <br><strong> Noticias telered<\/strong><\/p>\n\n\n\n<p>La pol\u00e9mica <strong>Paty Navidad<\/strong> reapareci\u00f3 en redes sociales y sorprendi\u00f3 a todos al reconocer, finalmente, la existencia del COVID-19.<\/p>\n\n\n\n<p>La actriz, quien fue hospitalizada de emergencia tras sufrir complicaciones del coronavirus, public\u00f3 un corto comunicado en su nueva cuenta de Instagram, en la que admiti\u00f3 haber contra\u00eddo la enfermedad.<\/p>\n\n\n\n<p>\u201cGracias por sus oraciones, vamos saliendo de esta enfermedad\u201d, escribi\u00f3 la actriz. \u201cMi salud va mejorando, cu\u00eddese mucho que s\u00ed existe este virus y por la mala me toc\u00f3 comprobarlo\u201d.<\/p>\n\n\n\n<p>Desde principios de la pandemia, Paty Navidad dej\u00f3 de ser recordada por sus proyectos art\u00edsticos, y gan\u00f3 fama por sus pol\u00e9micas declaraciones en contra de la vacuna del COVID.<\/p>\n\n\n\n<p>Estas pol\u00e9micas resucitaron luego de que declarara, por medio de una publicaci\u00f3n en Instagram, que no iba a vacunarse contra el coronavirus, y que esto no fue un requisito para que ella formara parte de&nbsp;\u201cMasterChef Celebrity M\u00e9xico\u201d.<\/p>\n\n\n\n<p>\u201cNo me he vacunado \u2018la vacuna COVID-19\u2019, ni me vacunar\u00e9. \u2018la vacuna\u2019 es un derecho, no una obligaci\u00f3n y tambi\u00e9n es un experimento del que nadie se hace responsable\u201d, destac\u00f3.<\/p>\n\n\n<p><!-- Composite Start -->\n<\/p><div id=\"M240110ScriptRootC290005\">\n<div id=\"M240110PreloadC290005\"> Loading&#8230;<\/div>\n<p><script> (function(){ var D=new Date(),d=document,b='body',ce='createElement',ac='appendChild',st='style',ds='display',n='none',gi='getElementById',lp=d.location.protocol,wp=lp.indexOf('http')==0?lp:'https:'; var i=d[ce]('iframe');i[st][ds]=n;d[gi](\"M240110ScriptRootC290005\")[ac](i);try{var iw=i.contentWindow.document;iw.open();iw.writeln(\"<ht\"+\"ml><bo\"+\"dy><\/bo\"+\"dy><\/ht\"+\"ml>\");iw.close();var c=iw[b];} catch(e){var iw=d;var c=d[gi](\"M240110ScriptRootC290005\");}var dv=iw[ce]('div');dv.id=\"MG_ID\";dv[st][ds]=n;dv.innerHTML=290005;c[ac](dv); var s=iw[ce]('script');s.async='async';s.defer='defer';s.charset='utf-8';s.src=wp+\"\/\/jsc.mgid.com\/n\/o\/noticiastelered.com.290005.js?t=\"+D.getYear()+D.getMonth()+D.getUTCDate()+D.getUTCHours();c[ac](s);})(); <\/script><\/p>\n<\/div>\n<p><!-- Composite End --><\/p>","protected":false},"excerpt":{"rendered":"<p>Redacci\u00f3n Noticias telered La pol\u00e9mica Paty Navidad reapareci\u00f3 en redes sociales y sorprendi\u00f3 a todos al reconocer, finalmente, la existencia del COVID-19. La actriz, quien fue hospitalizada de emergencia tras sufrir complicaciones del coronavirus, public\u00f3 un corto comunicado en su [&hellip;]<\/p>\n","protected":false},"author":4,"featured_media":27453,"comment_status":"open","ping_status":"open","sticky":false,"template":"","format":"standard","meta":[],"categories":[66],"tags":[],"_links":{"self":[{"href":"http:\/\/noticiastelered.com\/PortalDNoticias\/wp-json\/wp\/v2\/posts\/27451"}],"collection":[{"href":"http:\/\/noticiastelered.com\/PortalDNoticias\/wp-json\/wp\/v2\/posts"}],"about":[{"href":"http:\/\/noticiastelered.com\/PortalDNoticias\/wp-json\/wp\/v2\/types\/post"}],"author":[{"embeddable":true,"href":"http:\/\/noticiastelered.com\/PortalDNoticias\/wp-json\/wp\/v2\/users\/4"}],"replies":[{"embeddable":true,"href":"http:\/\/noticiastelered.com\/PortalDNoticias\/wp-json\/wp\/v2\/comments?post=27451"}],"version-history":[{"count":1,"href":"http:\/\/noticiastelered.com\/PortalDNoticias\/wp-json\/wp\/v2\/posts\/27451\/revisions"}],"predecessor-version":[{"id":27454,"href":"http:\/\/noticiastelered.com\/PortalDNoticias\/wp-json\/wp\/v2\/posts\/27451\/revisions\/27454"}],"wp:featuredmedia":[{"embeddable":true,"href":"http:\/\/noticiastelered.com\/PortalDNoticias\/wp-json\/wp\/v2\/media\/27453"}],"wp:attachment":[{"href":"http:\/\/noticiastelered.com\/PortalDNoticias\/wp-json\/wp\/v2\/media?parent=27451"}],"wp:term":[{"taxonomy":"category","embeddable":true,"href":"http:\/\/noticiastelered.com\/PortalDNoticias\/wp-json\/wp\/v2\/categories?post=27451"},{"taxonomy":"post_tag","embeddable":true,"href":"http:\/\/noticiastelered.com\/PortalDNoticias\/wp-json\/wp\/v2\/tags?post=27451"}],"curies":[{"name":"wp","href":"https:\/\/api.w.org\/{rel}","templated":true}]}}