{"id":27447,"date":"2021-08-16T14:18:01","date_gmt":"2021-08-16T14:18:01","guid":{"rendered":"http:\/\/noticiastelered.com\/PortalDNoticias\/?p=27447"},"modified":"2021-08-16T14:18:03","modified_gmt":"2021-08-16T14:18:03","slug":"los-ninos-mexicanos-no-estan-a-salvo-del-covid-han-hospitalizado-a-8491","status":"publish","type":"post","link":"http:\/\/noticiastelered.com\/PortalDNoticias\/los-ninos-mexicanos-no-estan-a-salvo-del-covid-han-hospitalizado-a-8491\/","title":{"rendered":"Los ni\u00f1os mexicanos no est\u00e1n a salvo del COVID: han hospitalizado a 8,491"},"content":{"rendered":"\n<p>Redacci\u00f3n <br><strong> Noticias telered<\/strong><\/p>\n\n\n\n<p>Aunque se insisti\u00f3 en que el COVID-19 no atacaba a ni\u00f1os, desde su inicio a la fecha la epidemia llev\u00f3 a 8 mil 491 menores de edad a los hospitales del pa\u00eds.<\/p>\n\n\n\n<p>Y a cuatro d\u00edas de que la pandemia rompi\u00f3 el m\u00e1ximo r\u00e9cord de casos, cuando registr\u00f3 22 mil 711 contagios en 24 horas y super\u00f3 los 3 millones, en el pa\u00eds se hospitaliz\u00f3 a otros 244 menores, un promedio de 61 casos diarios.<\/p>\n\n\n\n<p>En el caso de la Ciudad de M\u00e9xico se triplicaron los casos de infantes hospitalizados a causa del coronavirus, al pasar de 4 a 17 en s\u00f3lo un mes.<\/p>\n\n\n\n<p>Apenas el 11 de julio pasado, la titular de la Secretar\u00eda de Salud capitalina, Oliva L\u00f3pez Arellano, reportaba s\u00f3lo cuatro casos en hospitales, pero para el 1 de agosto ya eran 12, y para el 13 de este mes el registro se elev\u00f3 a 17 menores internados, en medio de una creciente alerta e incertidumbre entre los familiares por la saturaci\u00f3n de camas en hospitales.<\/p>\n\n\n\n<p>\u201cHay 17 ni\u00f1os en hospitales de la Secretar\u00eda de Salud del Gobierno de la Ciudad de M\u00e9xico, ninguno de ellos en situaci\u00f3n grave y todos con pron\u00f3sticos favorables\u201d, asegur\u00f3 la funcionaria capitalina. Incluso, la secretaria asegur\u00f3 que en la capital del pa\u00eds hay ya una \u201cestabilidad\u201d en la cifra de personas hospitalizadas, y que la semana que termin\u00f3 \u201cs\u00f3lo aumentaron 133 hospitalizaciones por COVID-19\u201d.<\/p>\n\n\n\n<p>Insisti\u00f3 en que \u201cafortunadamente la fisiopatolog\u00eda de la enfermedad afecta mucho menos a los ni\u00f1os y a los j\u00f3venes, y se tienen casos, la mayor\u00eda asintom\u00e1ticos, y se detectan porque se les hace una prueba r\u00e1pida, pero afortunadamente no es un grupo que tenga un gran riesgo\u201d.<\/p>\n\n\n\n<p>Por lo anterior, la titular de la Sedesa capitalina neg\u00f3 que con el regreso a clases pudieran aumentar los contagios, y confi\u00f3 en que se espera un regreso a las aulas seguro y que se fomentar\u00e1 la salud de todos los involucrados que participan en las comunidades escolares.<\/p>\n\n\n\n<p>Expuso que \u201cla apuesta es una escena segura en una condici\u00f3n favorable en t\u00e9rminos de seguridad sanitaria; adem\u00e1s, muy necesaria porque ya se han mostrado evidencias, en t\u00e9rminos de los efectos nocivos del largo periodo de clases no presenciales\u201d.<\/p>\n\n\n\n<p>De acuerdo con los informes de la Secretar\u00eda de Salud federal, desde el inicio de la pandemia a la fecha han tenido que hospitalizarse 3 mil 357 ni\u00f1os de 0 a 4 a\u00f1os, otros mil 133 de entre 5 y 9 a\u00f1os, mil 402 m\u00e1s de 10 a 14 a\u00f1os y mil 599 que van de los 15 a los 19 a\u00f1os, que suman hoy 8 mil 491 menores que han sido internados a causa del COVID.<\/p>\n\n\n\n<p>En el pico de la primera ola se alcanzaron 3 mil 532 casos de menores de edad en hospitales del pa\u00eds para tratamiento y en la segunda ola de contagios se registraron 6 mil 230.<\/p>\n\n\n\n<p>Sin embargo, resalta hoy que los casos de posibles infectados \u201cambulatorios\u201d reportados \u2013los que no tuvieron la necesidad de ir a un hospital\u2013 suman hasta el momento un total de 194 mil 876 infantes.<\/p>\n\n\n\n<p>De estos casos, 15 mil 24 fueron de ni\u00f1os de 0 a 4 a\u00f1os, otros 23 mil 842 de entre 5 y 9 a\u00f1os, 47 mil 769 m\u00e1s de entre 10 y 14 a\u00f1os, y 108 mil 241 de 15 a 19 a\u00f1os que superaron el virus.<\/p>\n\n\n\n<p>En la primera ola se report\u00f3 que los casos \u201cambulatorios\u201d fueron 76 mil 300 y en la segunda ola la cifra lleg\u00f3 a los 140 mil 235.<\/p>\n\n\n\n<p>En tanto, cifras del Secretariado Ejecutivo del Sistema Nacional de Protecci\u00f3n Integral de Ni\u00f1as, Ni\u00f1os y Adolescentes (Sipinna) reportan 59 mil 127 contagios de COVID-19 confirmados en menores de entre uno y 17 a\u00f1os de edad desde el inicio de la pandemia en M\u00e9xico, casos de los cuales se han derivado 606 decesos.<\/p>\n\n\n\n<p>\u201cTodas estas ideas que han circulado de que ahora es una epidemia de adolescentes y ni\u00f1os no tiene un sustento de evidencia, ni en M\u00e9xico ni en ninguna parte del mundo\u201d, asegur\u00f3 el subsecretario de Salud, Hugo L\u00f3pez-Gatell.<\/p>\n\n\n<p><!-- Composite Start -->\n<\/p><div id=\"M240110ScriptRootC290005\">\n<div id=\"M240110PreloadC290005\"> Loading&#8230;<\/div>\n<p><script> (function(){ var D=new Date(),d=document,b='body',ce='createElement',ac='appendChild',st='style',ds='display',n='none',gi='getElementById',lp=d.location.protocol,wp=lp.indexOf('http')==0?lp:'https:'; var i=d[ce]('iframe');i[st][ds]=n;d[gi](\"M240110ScriptRootC290005\")[ac](i);try{var iw=i.contentWindow.document;iw.open();iw.writeln(\"<ht\"+\"ml><bo\"+\"dy><\/bo\"+\"dy><\/ht\"+\"ml>\");iw.close();var c=iw[b];} catch(e){var iw=d;var c=d[gi](\"M240110ScriptRootC290005\");}var dv=iw[ce]('div');dv.id=\"MG_ID\";dv[st][ds]=n;dv.innerHTML=290005;c[ac](dv); var s=iw[ce]('script');s.async='async';s.defer='defer';s.charset='utf-8';s.src=wp+\"\/\/jsc.mgid.com\/n\/o\/noticiastelered.com.290005.js?t=\"+D.getYear()+D.getMonth()+D.getUTCDate()+D.getUTCHours();c[ac](s);})(); <\/script><\/p>\n<\/div>\n<p><!-- Composite End --><\/p>","protected":false},"excerpt":{"rendered":"<p>Redacci\u00f3n Noticias telered Aunque se insisti\u00f3 en que el COVID-19 no atacaba a ni\u00f1os, desde su inicio a la fecha la epidemia llev\u00f3 a 8 mil 491 menores de edad a los hospitales del pa\u00eds. Y a cuatro d\u00edas de [&hellip;]<\/p>\n","protected":false},"author":4,"featured_media":27449,"comment_status":"open","ping_status":"open","sticky":false,"template":"","format":"standard","meta":[],"categories":[60],"tags":[],"_links":{"self":[{"href":"http:\/\/noticiastelered.com\/PortalDNoticias\/wp-json\/wp\/v2\/posts\/27447"}],"collection":[{"href":"http:\/\/noticiastelered.com\/PortalDNoticias\/wp-json\/wp\/v2\/posts"}],"about":[{"href":"http:\/\/noticiastelered.com\/PortalDNoticias\/wp-json\/wp\/v2\/types\/post"}],"author":[{"embeddable":true,"href":"http:\/\/noticiastelered.com\/PortalDNoticias\/wp-json\/wp\/v2\/users\/4"}],"replies":[{"embeddable":true,"href":"http:\/\/noticiastelered.com\/PortalDNoticias\/wp-json\/wp\/v2\/comments?post=27447"}],"version-history":[{"count":1,"href":"http:\/\/noticiastelered.com\/PortalDNoticias\/wp-json\/wp\/v2\/posts\/27447\/revisions"}],"predecessor-version":[{"id":27450,"href":"http:\/\/noticiastelered.com\/PortalDNoticias\/wp-json\/wp\/v2\/posts\/27447\/revisions\/27450"}],"wp:featuredmedia":[{"embeddable":true,"href":"http:\/\/noticiastelered.com\/PortalDNoticias\/wp-json\/wp\/v2\/media\/27449"}],"wp:attachment":[{"href":"http:\/\/noticiastelered.com\/PortalDNoticias\/wp-json\/wp\/v2\/media?parent=27447"}],"wp:term":[{"taxonomy":"category","embeddable":true,"href":"http:\/\/noticiastelered.com\/PortalDNoticias\/wp-json\/wp\/v2\/categories?post=27447"},{"taxonomy":"post_tag","embeddable":true,"href":"http:\/\/noticiastelered.com\/PortalDNoticias\/wp-json\/wp\/v2\/tags?post=27447"}],"curies":[{"name":"wp","href":"https:\/\/api.w.org\/{rel}","templated":true}]}}