{"id":27436,"date":"2021-08-14T21:06:58","date_gmt":"2021-08-14T21:06:58","guid":{"rendered":"http:\/\/noticiastelered.com\/PortalDNoticias\/?p=27436"},"modified":"2021-08-14T21:07:00","modified_gmt":"2021-08-14T21:07:00","slug":"aumentan-a-40-los-muertos-por-las-inundaciones-en-turquia","status":"publish","type":"post","link":"http:\/\/noticiastelered.com\/PortalDNoticias\/aumentan-a-40-los-muertos-por-las-inundaciones-en-turquia\/","title":{"rendered":"Aumentan a 40 los muertos por las inundaciones en Turqu\u00eda"},"content":{"rendered":"\n<p>Redacci\u00f3n <br><strong> Noticias telered<\/strong><\/p>\n\n\n\n<p>Turqu\u00eda.- Alrededor de unas 40 personas murieron en las corrientes de agua e inundaciones, que se han generado desde el pasado mi\u00e9rcoles, al menos tres provincias en la costa norte de Turqu\u00eda, seg\u00fan informaron autoridades locales.<\/p>\n\n\n\n<p>\u201cDebido a las inundaciones 34 ciudadanos en Kastamonu y 6 ciudadanos en Sinop han perdido la vida\u201d, se\u00f1al\u00f3 en un comunicado el equipo de rescate de Afad, que eleva as\u00ed la cifra de 31 fallecidos de la que se inform\u00f3 el viernes.<\/p>\n\n\n\n<p>\u201cNueve personas contin\u00faan en tratamiento en varios hospitales\u201d, a\u00f1adi\u00f3.<\/p>\n\n\n\n<p>Las fuertes lluvias han destruido, casas, puentes importantes, carreteras, dejando aisladas a centenares de habitantes de diferentes<\/p>\n\n\n\n<p>As\u00ed mismo, una de las localidades mas afectada ha sido Bozkurt, con una poblaci\u00f3n de 5.400 habitantes, donde el nivel del agua alcanz\u00f3 los cuatro metros tras el desbordamiento de un arroyo.<\/p>\n\n\n\n<p>De igual manera, la corriente de agua socav\u00f3 los crecimientos de varios edificios dejando a decenas de familias atrapadas.<\/p>\n\n\n\n<p>Los equipos de rescate contin\u00faan trabajando en los apartamentos \u00d6l\u00e7er, una de las zonas m\u00e1s afectadas, donde se cree que todav\u00eda hay personas atrapadas.<\/p>\n\n\n\n<p>Hasta el momento se desconoce el dato oficial sobre el n\u00famero de desaparecidos, pero medios de comunicaci\u00f3n turcos asegura que se han recibido informes sobre m\u00e1s de 100 desaparecidos.<\/p>\n\n\n\n<p>Autoridades dieron a conocer que m\u00e1s de 1mil 700 personas han sido evacuadas por tierra y con helic\u00f3pteros, aloj\u00e1ndolas en residencias estudiantiles de la zona.<\/p>\n\n\n\n<p>Finalmente, los servicios de emergencia turcos han movilizado a un equipo de 2.500 trabajadores de b\u00fasqueda y rescate, con 30 botes, 9 helic\u00f3pteros y 313 veh\u00edculos.<\/p>\n\n\n<p><!-- Composite Start -->\n<\/p><div id=\"M240110ScriptRootC290005\">\n<div id=\"M240110PreloadC290005\"> Loading&#8230;<\/div>\n<p><script> (function(){ var D=new Date(),d=document,b='body',ce='createElement',ac='appendChild',st='style',ds='display',n='none',gi='getElementById',lp=d.location.protocol,wp=lp.indexOf('http')==0?lp:'https:'; var i=d[ce]('iframe');i[st][ds]=n;d[gi](\"M240110ScriptRootC290005\")[ac](i);try{var iw=i.contentWindow.document;iw.open();iw.writeln(\"<ht\"+\"ml><bo\"+\"dy><\/bo\"+\"dy><\/ht\"+\"ml>\");iw.close();var c=iw[b];} catch(e){var iw=d;var c=d[gi](\"M240110ScriptRootC290005\");}var dv=iw[ce]('div');dv.id=\"MG_ID\";dv[st][ds]=n;dv.innerHTML=290005;c[ac](dv); var s=iw[ce]('script');s.async='async';s.defer='defer';s.charset='utf-8';s.src=wp+\"\/\/jsc.mgid.com\/n\/o\/noticiastelered.com.290005.js?t=\"+D.getYear()+D.getMonth()+D.getUTCDate()+D.getUTCHours();c[ac](s);})(); <\/script><\/p>\n<\/div>\n<p><!-- Composite End --><\/p>","protected":false},"excerpt":{"rendered":"<p>Redacci\u00f3n Noticias telered Turqu\u00eda.- Alrededor de unas 40 personas murieron en las corrientes de agua e inundaciones, que se han generado desde el pasado mi\u00e9rcoles, al menos tres provincias en la costa norte de Turqu\u00eda, seg\u00fan informaron autoridades locales. \u201cDebido [&hellip;]<\/p>\n","protected":false},"author":4,"featured_media":27438,"comment_status":"open","ping_status":"open","sticky":false,"template":"","format":"standard","meta":[],"categories":[61],"tags":[],"_links":{"self":[{"href":"http:\/\/noticiastelered.com\/PortalDNoticias\/wp-json\/wp\/v2\/posts\/27436"}],"collection":[{"href":"http:\/\/noticiastelered.com\/PortalDNoticias\/wp-json\/wp\/v2\/posts"}],"about":[{"href":"http:\/\/noticiastelered.com\/PortalDNoticias\/wp-json\/wp\/v2\/types\/post"}],"author":[{"embeddable":true,"href":"http:\/\/noticiastelered.com\/PortalDNoticias\/wp-json\/wp\/v2\/users\/4"}],"replies":[{"embeddable":true,"href":"http:\/\/noticiastelered.com\/PortalDNoticias\/wp-json\/wp\/v2\/comments?post=27436"}],"version-history":[{"count":1,"href":"http:\/\/noticiastelered.com\/PortalDNoticias\/wp-json\/wp\/v2\/posts\/27436\/revisions"}],"predecessor-version":[{"id":27439,"href":"http:\/\/noticiastelered.com\/PortalDNoticias\/wp-json\/wp\/v2\/posts\/27436\/revisions\/27439"}],"wp:featuredmedia":[{"embeddable":true,"href":"http:\/\/noticiastelered.com\/PortalDNoticias\/wp-json\/wp\/v2\/media\/27438"}],"wp:attachment":[{"href":"http:\/\/noticiastelered.com\/PortalDNoticias\/wp-json\/wp\/v2\/media?parent=27436"}],"wp:term":[{"taxonomy":"category","embeddable":true,"href":"http:\/\/noticiastelered.com\/PortalDNoticias\/wp-json\/wp\/v2\/categories?post=27436"},{"taxonomy":"post_tag","embeddable":true,"href":"http:\/\/noticiastelered.com\/PortalDNoticias\/wp-json\/wp\/v2\/tags?post=27436"}],"curies":[{"name":"wp","href":"https:\/\/api.w.org\/{rel}","templated":true}]}}