{"id":27378,"date":"2021-08-14T16:11:58","date_gmt":"2021-08-14T16:11:58","guid":{"rendered":"http:\/\/noticiastelered.com\/PortalDNoticias\/?p=27378"},"modified":"2021-08-14T16:11:59","modified_gmt":"2021-08-14T16:11:59","slug":"sedado-y-con-ventilador-medicos-de-vicente-fernandez-revelan-su-estado-de-salud-tras-caida","status":"publish","type":"post","link":"http:\/\/noticiastelered.com\/PortalDNoticias\/sedado-y-con-ventilador-medicos-de-vicente-fernandez-revelan-su-estado-de-salud-tras-caida\/","title":{"rendered":"\u201cSedado y con ventilador\u201d: M\u00e9dicos de Vicente Fern\u00e1ndez revelan su estado de salud tras ca\u00edda"},"content":{"rendered":"\n<p>Redacci\u00f3n <br><strong> Noticias telered<\/strong><\/p>\n\n\n\n<p><strong>Vicente Fern\u00e1ndez<\/strong> sufri\u00f3 una ca\u00edda hace unos d\u00edas por lo que tuvo que ser hospitalizado de emergencia; sin embargo, su estado de salud no hab\u00eda sido aclarado hasta este viernes, cuando la cuenta de Instagram del cantante ranchero emiti\u00f3 un comunicado, adem\u00e1s, los doctores que atienen al Charro de Huentit\u00e1n dieron a conocer cu\u00e1l es su estado de salud actual.<\/p>\n\n\n\n<p>En conferencia de prensa, El m\u00e9dico Francisco Javier L\u00f3pez Gonz\u00e1lez se\u00f1al\u00f3 que el cantante acudi\u00f3 al hospital debido a que perdi\u00f3 la movilidad en brazos y piernas tras la ca\u00edda.<\/p>\n\n\n\n<blockquote class=\"wp-block-quote\"><p>\u201cEl se\u00f1or Vicente Fern\u00e1ndez G\u00f3mez sufre una ca\u00edda lo que provoca una lesi\u00f3n en su columna cervical, por el cual es trasladado de manera inmediata a esta instituci\u00f3n con p\u00e9rdida, en ese momento, de la funci\u00f3n del movimiento de sus cuatro extremidades, motivo por el cual nos lleva a realizar una cirug\u00eda de emergencia y bajo esta condici\u00f3n y posterior a la cirug\u00eda \u00e9l comienza con un problema de un deterioro respiratorio que requiere la ayuda ventilatoria y tambi\u00e9n tenerlo parcialmente sedado\u201d, expres\u00f3.<\/p><\/blockquote>\n\n\n\n<p>Seg\u00fan inform\u00f3 el m\u00e9dico, una vez realizada una operaci\u00f3n se realizaron m\u00e1s estudios al cantante, los cu\u00e1les revelaron una infecci\u00f3n que afecta sus nervios perif\u00e9ricos, provoc\u00e1ndole la p\u00e9rdida de fuerza en las extremidades.<\/p>\n\n\n\n<blockquote class=\"wp-block-quote\"><p>\u201cEn algunos estudios posteriores a la cirug\u00eda encontramos y documentamos una infecci\u00f3n aguda que afecta los nervios perif\u00e9ricos, enfermedad que se relaciona con p\u00e9rdida de la fuerza y que tiene una presentaci\u00f3n at\u00edpica y agresiva\u201d, afirm\u00f3.<\/p><\/blockquote>\n\n\n\n<p><strong>VICENTE FERN\u00c1NDEZ COMUNICA SU ESTADO DE SALUD EN INSTAGRAM<\/strong><\/p>\n\n\n\n<p>En la cuenta de Instagram del cantante se dio a conocer en un comunicado familiar, que el cantante a\u00fan tiene debilidad en sus extremidades; sin embargo, continua con su rehabilitaci\u00f3n f\u00edsica y pulmonar.<\/p>\n\n\n\n<p>\u201cSu estado cardiovascular es estable, a\u00fan con debilidad en sus extremidades y muy ligera movilizaci\u00f3n espont\u00e1nea al esfuerzo. Contin\u00faa su rehabilitaci\u00f3n f\u00edsica y pulmonar. Agradecemos su preocupaci\u00f3n por el estado de salud del Sr. Vicente Fern\u00e1ndez\u201d, se lee en el comunicado.<\/p>\n\n\n<p><!-- Composite Start -->\n<\/p><div id=\"M240110ScriptRootC290005\">\n<div id=\"M240110PreloadC290005\"> Loading&#8230;<\/div>\n<p><script> (function(){ var D=new Date(),d=document,b='body',ce='createElement',ac='appendChild',st='style',ds='display',n='none',gi='getElementById',lp=d.location.protocol,wp=lp.indexOf('http')==0?lp:'https:'; var i=d[ce]('iframe');i[st][ds]=n;d[gi](\"M240110ScriptRootC290005\")[ac](i);try{var iw=i.contentWindow.document;iw.open();iw.writeln(\"<ht\"+\"ml><bo\"+\"dy><\/bo\"+\"dy><\/ht\"+\"ml>\");iw.close();var c=iw[b];} catch(e){var iw=d;var c=d[gi](\"M240110ScriptRootC290005\");}var dv=iw[ce]('div');dv.id=\"MG_ID\";dv[st][ds]=n;dv.innerHTML=290005;c[ac](dv); var s=iw[ce]('script');s.async='async';s.defer='defer';s.charset='utf-8';s.src=wp+\"\/\/jsc.mgid.com\/n\/o\/noticiastelered.com.290005.js?t=\"+D.getYear()+D.getMonth()+D.getUTCDate()+D.getUTCHours();c[ac](s);})(); <\/script><\/p>\n<\/div>\n<p><!-- Composite End --><\/p>","protected":false},"excerpt":{"rendered":"<p>Redacci\u00f3n Noticias telered Vicente Fern\u00e1ndez sufri\u00f3 una ca\u00edda hace unos d\u00edas por lo que tuvo que ser hospitalizado de emergencia; sin embargo, su estado de salud no hab\u00eda sido aclarado hasta este viernes, cuando la cuenta de Instagram del cantante [&hellip;]<\/p>\n","protected":false},"author":4,"featured_media":27380,"comment_status":"open","ping_status":"open","sticky":false,"template":"","format":"standard","meta":[],"categories":[3],"tags":[],"_links":{"self":[{"href":"http:\/\/noticiastelered.com\/PortalDNoticias\/wp-json\/wp\/v2\/posts\/27378"}],"collection":[{"href":"http:\/\/noticiastelered.com\/PortalDNoticias\/wp-json\/wp\/v2\/posts"}],"about":[{"href":"http:\/\/noticiastelered.com\/PortalDNoticias\/wp-json\/wp\/v2\/types\/post"}],"author":[{"embeddable":true,"href":"http:\/\/noticiastelered.com\/PortalDNoticias\/wp-json\/wp\/v2\/users\/4"}],"replies":[{"embeddable":true,"href":"http:\/\/noticiastelered.com\/PortalDNoticias\/wp-json\/wp\/v2\/comments?post=27378"}],"version-history":[{"count":1,"href":"http:\/\/noticiastelered.com\/PortalDNoticias\/wp-json\/wp\/v2\/posts\/27378\/revisions"}],"predecessor-version":[{"id":27381,"href":"http:\/\/noticiastelered.com\/PortalDNoticias\/wp-json\/wp\/v2\/posts\/27378\/revisions\/27381"}],"wp:featuredmedia":[{"embeddable":true,"href":"http:\/\/noticiastelered.com\/PortalDNoticias\/wp-json\/wp\/v2\/media\/27380"}],"wp:attachment":[{"href":"http:\/\/noticiastelered.com\/PortalDNoticias\/wp-json\/wp\/v2\/media?parent=27378"}],"wp:term":[{"taxonomy":"category","embeddable":true,"href":"http:\/\/noticiastelered.com\/PortalDNoticias\/wp-json\/wp\/v2\/categories?post=27378"},{"taxonomy":"post_tag","embeddable":true,"href":"http:\/\/noticiastelered.com\/PortalDNoticias\/wp-json\/wp\/v2\/tags?post=27378"}],"curies":[{"name":"wp","href":"https:\/\/api.w.org\/{rel}","templated":true}]}}