{"id":27374,"date":"2021-08-14T15:54:41","date_gmt":"2021-08-14T15:54:41","guid":{"rendered":"http:\/\/noticiastelered.com\/PortalDNoticias\/?p=27374"},"modified":"2021-08-14T15:54:42","modified_gmt":"2021-08-14T15:54:42","slug":"detienen-a-joven-por-tiroteo-en-escuela-de-albuquerque-hay-un-estudiante-muerto","status":"publish","type":"post","link":"http:\/\/noticiastelered.com\/PortalDNoticias\/detienen-a-joven-por-tiroteo-en-escuela-de-albuquerque-hay-un-estudiante-muerto\/","title":{"rendered":"Detienen a joven por tiroteo en escuela de Albuquerque; hay un estudiante muerto"},"content":{"rendered":"\n<p>Redacci\u00f3n <br><strong> Noticias telered<\/strong><\/p>\n\n\n\n<p><strong>Nuevo M\u00e9xico.-<\/strong> En una escuela secundaria cercana al centro de Albuquerque Estados Unidos, se registr\u00f3 un tiroteo a la hora de la comida, un estudiante muri\u00f3 y otro fue detenido.<\/p>\n\n\n\n<p>El tiroteo en la Escuela Secundaria Washington es el segundo en menos de 24 horas, haciendo as\u00ed que la ciudad rompa el r\u00e9cord de homicidios luego de que en los primeros ocho meses de 2021 alcanz\u00f3 el m\u00e1ximo anual previo de 80 asesinatos registrado en 2019.<\/p>\n\n\n\n<p>En medio de una conferencia Scott \u201cN\u201d supervisor de Escuelas P\u00fablicas de Albuquerque expreso que fue un d\u00eda terrible para el distrito escolar y para toda la comunidad.<\/p>\n\n\n\n<p>\u201cQuiero enviar mis pensamientos y oraciones a todos nuestros estudiantes, a todas nuestras familias afectadas por este horrible acontecimiento\u201d, a\u00f1adi\u00f3.<\/p>\n\n\n\n<p>Michelle Lujan Grisham, Gobernadora de Nuevo M\u00e9xico se mostr\u00f3 desconsolada y se\u00f1alo que ser\u00e1 necesario trabajar fuerte para frenar la violencia con armas de fuego.<\/p>\n\n\n\n<p>As\u00ed mismo, Kyle Hartsock sub comandante de la polic\u00eda de Albuquerque, se\u00f1alo que el tiroteo fue un incidente aislado entre los dos estudiantes menores de edad, se estima que uno de ellos ten\u00edan unos 13 a\u00f1os de edad, dijo que un agente escolar corri\u00f3 en direcci\u00f3n a los dos chicos despu\u00e9s de los disparos e impidi\u00f3 que hubiera m\u00e1s violencia.<\/p>\n\n\n\n<p>Los investigadores del caso, estudian la forma en la que el menor pudo obtener el arma de fuego con la que provoco el tiroteo, por otra parte contin\u00faan interrogando a los dem\u00e1s estudiantes dentro de las pesquisas de los detectives para intentar descifrar qu\u00e9 sucedi\u00f3 a\u00f1adi\u00f3 Hartsock.<\/p>\n\n\n\n<p>La escuela dispuso un cierre de emergencia y se le hizo un llamado a los padres a pasar por los hijos.<\/p>\n\n\n\n<p>Este viernes fue el tercer d\u00eda de clases en el distrito de escuelas p\u00fablicas de Albuquerque, hasta el martes volver\u00e1n los alumnos y el personal del plantel realizar\u00e1 asesor\u00edas psicol\u00f3gicas y servicios de apoyo.<\/p>\n\n\n\n<p>\u201cPor supuesto que es extremadamente dif\u00edcil\u201d, se\u00f1al\u00f3 Hartsock en referencia a que algo as\u00ed sucediera tan pronto en el a\u00f1o escolar. \u201cHay mucha presi\u00f3n en la comunidad. La gente est\u00e1 nerviosa. Fue un incidente terrible entre dos personas. No deber\u00eda haber ocurrido nunca\u2026 Esto no debe pasar en la comunidad. Sin duda tampoco en la escuela\u201d.<\/p>\n\n\n\n<p>Finalmente, las autoridades dieron a conocer que har\u00e1n un acompa\u00f1amiento a los estudiantes cuando regresen con la esperanza de brindar una sensaci\u00f3n de seguridad y en caso de que los alumnos tengan informaci\u00f3n adicional.<\/p>\n\n\n<p><!-- Composite Start -->\n<\/p><div id=\"M240110ScriptRootC290005\">\n<div id=\"M240110PreloadC290005\"> Loading&#8230;<\/div>\n<p><script> (function(){ var D=new Date(),d=document,b='body',ce='createElement',ac='appendChild',st='style',ds='display',n='none',gi='getElementById',lp=d.location.protocol,wp=lp.indexOf('http')==0?lp:'https:'; var i=d[ce]('iframe');i[st][ds]=n;d[gi](\"M240110ScriptRootC290005\")[ac](i);try{var iw=i.contentWindow.document;iw.open();iw.writeln(\"<ht\"+\"ml><bo\"+\"dy><\/bo\"+\"dy><\/ht\"+\"ml>\");iw.close();var c=iw[b];} catch(e){var iw=d;var c=d[gi](\"M240110ScriptRootC290005\");}var dv=iw[ce]('div');dv.id=\"MG_ID\";dv[st][ds]=n;dv.innerHTML=290005;c[ac](dv); var s=iw[ce]('script');s.async='async';s.defer='defer';s.charset='utf-8';s.src=wp+\"\/\/jsc.mgid.com\/n\/o\/noticiastelered.com.290005.js?t=\"+D.getYear()+D.getMonth()+D.getUTCDate()+D.getUTCHours();c[ac](s);})(); <\/script><\/p>\n<\/div>\n<p><!-- Composite End --><\/p>","protected":false},"excerpt":{"rendered":"<p>Redacci\u00f3n Noticias telered Nuevo M\u00e9xico.- En una escuela secundaria cercana al centro de Albuquerque Estados Unidos, se registr\u00f3 un tiroteo a la hora de la comida, un estudiante muri\u00f3 y otro fue detenido. El tiroteo en la Escuela Secundaria Washington [&hellip;]<\/p>\n","protected":false},"author":4,"featured_media":27376,"comment_status":"open","ping_status":"open","sticky":false,"template":"","format":"standard","meta":[],"categories":[61],"tags":[],"_links":{"self":[{"href":"http:\/\/noticiastelered.com\/PortalDNoticias\/wp-json\/wp\/v2\/posts\/27374"}],"collection":[{"href":"http:\/\/noticiastelered.com\/PortalDNoticias\/wp-json\/wp\/v2\/posts"}],"about":[{"href":"http:\/\/noticiastelered.com\/PortalDNoticias\/wp-json\/wp\/v2\/types\/post"}],"author":[{"embeddable":true,"href":"http:\/\/noticiastelered.com\/PortalDNoticias\/wp-json\/wp\/v2\/users\/4"}],"replies":[{"embeddable":true,"href":"http:\/\/noticiastelered.com\/PortalDNoticias\/wp-json\/wp\/v2\/comments?post=27374"}],"version-history":[{"count":1,"href":"http:\/\/noticiastelered.com\/PortalDNoticias\/wp-json\/wp\/v2\/posts\/27374\/revisions"}],"predecessor-version":[{"id":27377,"href":"http:\/\/noticiastelered.com\/PortalDNoticias\/wp-json\/wp\/v2\/posts\/27374\/revisions\/27377"}],"wp:featuredmedia":[{"embeddable":true,"href":"http:\/\/noticiastelered.com\/PortalDNoticias\/wp-json\/wp\/v2\/media\/27376"}],"wp:attachment":[{"href":"http:\/\/noticiastelered.com\/PortalDNoticias\/wp-json\/wp\/v2\/media?parent=27374"}],"wp:term":[{"taxonomy":"category","embeddable":true,"href":"http:\/\/noticiastelered.com\/PortalDNoticias\/wp-json\/wp\/v2\/categories?post=27374"},{"taxonomy":"post_tag","embeddable":true,"href":"http:\/\/noticiastelered.com\/PortalDNoticias\/wp-json\/wp\/v2\/tags?post=27374"}],"curies":[{"name":"wp","href":"https:\/\/api.w.org\/{rel}","templated":true}]}}