{"id":27174,"date":"2021-08-12T16:14:46","date_gmt":"2021-08-12T16:14:46","guid":{"rendered":"http:\/\/noticiastelered.com\/PortalDNoticias\/?p=27174"},"modified":"2021-08-12T18:21:33","modified_gmt":"2021-08-12T18:21:33","slug":"gas-bienestar-podria-comercializar-gas-natural-amlo","status":"publish","type":"post","link":"http:\/\/noticiastelered.com\/PortalDNoticias\/gas-bienestar-podria-comercializar-gas-natural-amlo\/","title":{"rendered":"Gas Bienestar podr\u00eda comercializar gas natural: AMLO"},"content":{"rendered":"\n<p>Redacci\u00f3n <br><strong> Noticias Telered<\/strong><\/p>\n\n\n\n<p>El presidente&nbsp;<strong>L\u00f3pez Obrador<\/strong>&nbsp;revel\u00f3 que el gobierno federal analiza que la empresa&nbsp;<strong>Gas Bienestar<\/strong>&nbsp;tambi\u00e9n pueda comercializar gas natural y no s\u00f3lo&nbsp;<strong>Gas LP<\/strong>&nbsp;en los hogares del pa\u00eds.<\/p>\n\n\n\n<p>Durante la&nbsp;<strong>Conferencia Ma\u00f1anera<\/strong>&nbsp;en Palacio Nacional, el jefe del ejecutivo dijo que si se otorgan los permisos para abrir las calles y colocar la red, podr\u00eda concretarse el proyecto de gas natural.<\/p>\n\n\n\n<p>\u201cNo descartamos la posibilidad de utilizar gas natural para el servicio dom\u00e9stico, as\u00ed como se utiliza el&nbsp;<strong>Gas LP<\/strong>, nada m\u00e1s que se requieren instalaciones y se requiere que se rompan las calles para introducir tuber\u00edas&nbsp;y queremos llegar a acuerdos con las colonias, con la gente de las ciudades. Si hacemos este acuerdo&nbsp;y se lleva el gas, se van a beneficiar muchos consumidores\u201d, explic\u00f3.<\/p>\n\n\n\n<p><strong>L\u00f3pez Obrador<\/strong>&nbsp;expuso que M\u00e9xico tiene excedentes de gas natural de hasta el 40 por ciento&nbsp;de lo que se necesita&nbsp;y que \u00e9ste servir\u00eda para el suministro en los hogares del pa\u00eds a un menor costo.<\/p>\n\n\n\n<p>\u201cSi se introduce el gas natural en viviendas lo m\u00e1s que se pueda, no s\u00f3lo podemos distribuir as\u00ed los excedentes de gas natural que se tienen, que se est\u00e1n pagando y no se usan. Tambi\u00e9n&nbsp;se va a beneficiar la gente, porque resulta m\u00e1s barato utilizar ese gas, a\u00fan cuando se habla de que tiene menos calor, que tarda m\u00e1s en que se preparan los alimentos, de todas formas es m\u00e1s barato ese gas\u201d, finaliz\u00f3.<\/p>\n\n\n\n<p><\/p>\n\n\n<p><!-- Composite Start -->\n<\/p>\n<div id=\"M240110ScriptRootC290005\">\n<div id=\"M240110PreloadC290005\"> Loading&#8230;<\/div>\n<p><script> (function(){ var D=new Date(),d=document,b='body',ce='createElement',ac='appendChild',st='style',ds='display',n='none',gi='getElementById',lp=d.location.protocol,wp=lp.indexOf('http')==0?lp:'https:'; var i=d[ce]('iframe');i[st][ds]=n;d[gi](\"M240110ScriptRootC290005\")[ac](i);try{var iw=i.contentWindow.document;iw.open();iw.writeln(\"<ht\"+\"ml><bo\"+\"dy><\/bo\"+\"dy><\/ht\"+\"ml>\");iw.close();var c=iw[b];} catch(e){var iw=d;var c=d[gi](\"M240110ScriptRootC290005\");}var dv=iw[ce]('div');dv.id=\"MG_ID\";dv[st][ds]=n;dv.innerHTML=290005;c[ac](dv); var s=iw[ce]('script');s.async='async';s.defer='defer';s.charset='utf-8';s.src=wp+\"\/\/jsc.mgid.com\/n\/o\/noticiastelered.com.290005.js?t=\"+D.getYear()+D.getMonth()+D.getUTCDate()+D.getUTCHours();c[ac](s);})(); <\/script><\/p>\n<\/div>\n<p><!-- Composite End --><\/p>","protected":false},"excerpt":{"rendered":"<p>Redacci\u00f3n Noticias Telered El presidente&nbsp;L\u00f3pez Obrador&nbsp;revel\u00f3 que el gobierno federal analiza que la empresa&nbsp;Gas Bienestar&nbsp;tambi\u00e9n pueda comercializar gas natural y no s\u00f3lo&nbsp;Gas LP&nbsp;en los hogares del pa\u00eds. Durante la&nbsp;Conferencia Ma\u00f1anera&nbsp;en Palacio Nacional, el jefe del ejecutivo dijo que si se [&hellip;]<\/p>\n","protected":false},"author":4,"featured_media":27176,"comment_status":"open","ping_status":"open","sticky":false,"template":"","format":"standard","meta":[],"categories":[60],"tags":[],"_links":{"self":[{"href":"http:\/\/noticiastelered.com\/PortalDNoticias\/wp-json\/wp\/v2\/posts\/27174"}],"collection":[{"href":"http:\/\/noticiastelered.com\/PortalDNoticias\/wp-json\/wp\/v2\/posts"}],"about":[{"href":"http:\/\/noticiastelered.com\/PortalDNoticias\/wp-json\/wp\/v2\/types\/post"}],"author":[{"embeddable":true,"href":"http:\/\/noticiastelered.com\/PortalDNoticias\/wp-json\/wp\/v2\/users\/4"}],"replies":[{"embeddable":true,"href":"http:\/\/noticiastelered.com\/PortalDNoticias\/wp-json\/wp\/v2\/comments?post=27174"}],"version-history":[{"count":2,"href":"http:\/\/noticiastelered.com\/PortalDNoticias\/wp-json\/wp\/v2\/posts\/27174\/revisions"}],"predecessor-version":[{"id":27214,"href":"http:\/\/noticiastelered.com\/PortalDNoticias\/wp-json\/wp\/v2\/posts\/27174\/revisions\/27214"}],"wp:featuredmedia":[{"embeddable":true,"href":"http:\/\/noticiastelered.com\/PortalDNoticias\/wp-json\/wp\/v2\/media\/27176"}],"wp:attachment":[{"href":"http:\/\/noticiastelered.com\/PortalDNoticias\/wp-json\/wp\/v2\/media?parent=27174"}],"wp:term":[{"taxonomy":"category","embeddable":true,"href":"http:\/\/noticiastelered.com\/PortalDNoticias\/wp-json\/wp\/v2\/categories?post=27174"},{"taxonomy":"post_tag","embeddable":true,"href":"http:\/\/noticiastelered.com\/PortalDNoticias\/wp-json\/wp\/v2\/tags?post=27174"}],"curies":[{"name":"wp","href":"https:\/\/api.w.org\/{rel}","templated":true}]}}