{"id":27170,"date":"2021-08-12T16:10:46","date_gmt":"2021-08-12T16:10:46","guid":{"rendered":"http:\/\/noticiastelered.com\/PortalDNoticias\/?p=27170"},"modified":"2021-08-12T16:10:48","modified_gmt":"2021-08-12T16:10:48","slug":"regreso-a-clases-presenciales-sep-garantiza-retorno-seguro-el-30-de-agosto-este-es-el-protocolo","status":"publish","type":"post","link":"http:\/\/noticiastelered.com\/PortalDNoticias\/regreso-a-clases-presenciales-sep-garantiza-retorno-seguro-el-30-de-agosto-este-es-el-protocolo\/","title":{"rendered":"Regreso a clases presenciales: SEP garantiza retorno seguro el 30 de agosto; \u00e9ste es el protocolo"},"content":{"rendered":"\n<p>Redacci\u00f3n <br><strong> Noticias Telered<\/strong><\/p>\n\n\n\n<p>Este jueves durante la conferencia Ma\u00f1anera del presidente Andr\u00e9s Manuel L\u00f3pez Obrador se dio a conocer el&nbsp;<strong>protocolo que aplicar\u00e1 la Secretar\u00eda de Educaci\u00f3n P\u00fablica (SEP)<\/strong>&nbsp;para el&nbsp;<strong>regreso a clases presenciales<\/strong>&nbsp;el pr\u00f3ximo&nbsp;<strong>30 de agosto&nbsp;<\/strong>que ser\u00e1 responsable y ordenado, as\u00ed lo dijo la titular de la dependencia Delfina G\u00f3mez.<\/p>\n\n\n\n<p>La titular de la SEP confirm\u00f3 que&nbsp;<strong>las clases iniciar\u00e1n el 30 de agosto,&nbsp;<\/strong>que ya es un hecho que ese d\u00eda los alumnos de educaci\u00f3n b\u00e1sica volver\u00e1n a los salones, pues no se puede seguir postergando la educaci\u00f3n, por lo que es una medida inminente para la cual se pide el apoyo de los padres de familia, as\u00ed como el de los maestros para unirse al&nbsp;Comit\u00e9 Participativo de Salud.<\/p>\n\n\n\n<p>El presidente L\u00f3pez Obrador insisti\u00f3 en que&nbsp;<strong>la escuela es necesaria para brindar apoyo socioemocional a los menores de edad,<\/strong>&nbsp;quienes sufren las consecuencias de m\u00e1s de un a\u00f1o de confinamiento y clases virtuales por la pandemia de Covid-19 en M\u00e9xico y destaca que la vacunaci\u00f3n de maestros de todo el pa\u00eds disminuye el riesgo de contagios.<\/p>\n\n\n\n<p>La medida del retorno a las escuelas de manera presencial ha sido criticada por varios sectores, entre ellos por los sindicatos de docentes, quienes<strong>&nbsp;manifiestan que es riesgoso, pues en el pa\u00eds se vive la tercera ola de contagios,&nbsp;<\/strong>mismos que han ido en aumento en los \u00faltimos d\u00edas; sin embargo la SEP y Presidencia insisten en que el riesgo es menor para los menores de edad.<\/p>\n\n\n\n<h2 class=\"wp-block-heading\">\u00bfCu\u00e1l es el protocolo que aplicar\u00e1 la SEP para el regreso a clases presenciales?<\/h2>\n\n\n\n<p>Delfina G\u00f3mez confirm\u00f3 que<strong>&nbsp;la SEP aplicar\u00e1 un protocolo de diez puntos<\/strong>&nbsp;para el regreso seguro a los salones de clases, y record\u00f3 que ya se realiza la limpieza de las escuelas de nivel preescolar, primaria y secundaria de todo el pa\u00eds con ayuda de padres y madres de familia.<\/p>\n\n\n\n<p>Destac\u00f3 que los diez puntos clave para el regreso a clases son:<\/p>\n\n\n\n<ul><li>Integrar un Comit\u00e9 Participativo de Salud en casa escuela, mismo que revisar\u00e1 el ingreso de alumnos a los planteles educativos.<\/li><li>Establecer un filtro de salud en casa, para que los peque\u00f1os atiendan las medidas de salud<\/li><li>Lavado de manos con agua y jab\u00f3n de manera constante<\/li><li>Uso de cubrebocas durante la estancia en el plantel escolar cubriendo nariz y boca<\/li><li>Mantener la Sana Distancia<\/li><li>Realizar actividades en espacios abiertos<\/li><li>Se suspenden ceremonias c\u00edvicas y reuniones en general<\/li><li>Avisar de manera inmediata si se detecta un caso sospechoso de Covid-19<\/li><li>Maestros pueden inscribirse al curso que ofrece la SEP de apoyo socioemocional para los alumnos.<\/li><li>Cada alumno deber\u00e1 llevar la&nbsp;Carta Compromiso de Corresponsabilidad&nbsp;firmada por sus padres.<\/li><\/ul>\n\n\n\n<h2 class=\"wp-block-heading\">\u00bfQu\u00e9 alumnos est\u00e1n obligados a asistir de manera presencial a la escuela?<\/h2>\n\n\n\n<p>De acuerdo con la informaci\u00f3n que dio a conocer la SEP&nbsp;hace unos d\u00edas,&nbsp;<strong>ning\u00fan alumno est\u00e1 obligado a asistir de manera presencial&nbsp;a escuela,<\/strong>&nbsp;pues ser\u00e1 un regreso voluntario y se respetar\u00e1 la decisi\u00f3n de los padres y alumnos.<\/p>\n\n\n\n<p>Sin embargo la&nbsp;educaci\u00f3n se considera esencial,&nbsp;es decir que&nbsp;sin importar el color del sem\u00e1foro epidemiol\u00f3gico se volver\u00e1 a las escuelas, pues cabe destacar que s\u00f3lo Chiapas es el estado que se encuentra en color verde.<\/p>\n\n\n\n<p>Cada plantel educativo determinar\u00e1 si las&nbsp;<strong>clases son presenciales, a distancia&nbsp;o con un esquema mixto,<\/strong>&nbsp;que contempla educaci\u00f3n en l\u00ednea y d\u00edas de actividades en el plantel escolar.<\/p>\n\n\n\n<p>Los padres que decidan&nbsp;no mandar a sus hijos a la escuela&nbsp;deber\u00e1n enviar una carta expresando sus razones y se destac\u00f3 que no tendr\u00e1n que usar&nbsp;uniformes escolares de manera obligatoria.&nbsp;<\/p>\n\n\n<p><!-- Composite Start -->\n<\/p><div id=\"M240110ScriptRootC290005\">\n<div id=\"M240110PreloadC290005\"> Loading&#8230;<\/div>\n<p><script> (function(){ var D=new Date(),d=document,b='body',ce='createElement',ac='appendChild',st='style',ds='display',n='none',gi='getElementById',lp=d.location.protocol,wp=lp.indexOf('http')==0?lp:'https:'; var i=d[ce]('iframe');i[st][ds]=n;d[gi](\"M240110ScriptRootC290005\")[ac](i);try{var iw=i.contentWindow.document;iw.open();iw.writeln(\"<ht\"+\"ml><bo\"+\"dy><\/bo\"+\"dy><\/ht\"+\"ml>\");iw.close();var c=iw[b];} catch(e){var iw=d;var c=d[gi](\"M240110ScriptRootC290005\");}var dv=iw[ce]('div');dv.id=\"MG_ID\";dv[st][ds]=n;dv.innerHTML=290005;c[ac](dv); var s=iw[ce]('script');s.async='async';s.defer='defer';s.charset='utf-8';s.src=wp+\"\/\/jsc.mgid.com\/n\/o\/noticiastelered.com.290005.js?t=\"+D.getYear()+D.getMonth()+D.getUTCDate()+D.getUTCHours();c[ac](s);})(); <\/script><\/p>\n<\/div>\n<p><!-- Composite End --><\/p>","protected":false},"excerpt":{"rendered":"<p>Redacci\u00f3n Noticias Telered Este jueves durante la conferencia Ma\u00f1anera del presidente Andr\u00e9s Manuel L\u00f3pez Obrador se dio a conocer el&nbsp;protocolo que aplicar\u00e1 la Secretar\u00eda de Educaci\u00f3n P\u00fablica (SEP)&nbsp;para el&nbsp;regreso a clases presenciales&nbsp;el pr\u00f3ximo&nbsp;30 de agosto&nbsp;que ser\u00e1 responsable y ordenado, as\u00ed [&hellip;]<\/p>\n","protected":false},"author":4,"featured_media":27172,"comment_status":"open","ping_status":"open","sticky":false,"template":"","format":"standard","meta":[],"categories":[60],"tags":[],"_links":{"self":[{"href":"http:\/\/noticiastelered.com\/PortalDNoticias\/wp-json\/wp\/v2\/posts\/27170"}],"collection":[{"href":"http:\/\/noticiastelered.com\/PortalDNoticias\/wp-json\/wp\/v2\/posts"}],"about":[{"href":"http:\/\/noticiastelered.com\/PortalDNoticias\/wp-json\/wp\/v2\/types\/post"}],"author":[{"embeddable":true,"href":"http:\/\/noticiastelered.com\/PortalDNoticias\/wp-json\/wp\/v2\/users\/4"}],"replies":[{"embeddable":true,"href":"http:\/\/noticiastelered.com\/PortalDNoticias\/wp-json\/wp\/v2\/comments?post=27170"}],"version-history":[{"count":1,"href":"http:\/\/noticiastelered.com\/PortalDNoticias\/wp-json\/wp\/v2\/posts\/27170\/revisions"}],"predecessor-version":[{"id":27173,"href":"http:\/\/noticiastelered.com\/PortalDNoticias\/wp-json\/wp\/v2\/posts\/27170\/revisions\/27173"}],"wp:featuredmedia":[{"embeddable":true,"href":"http:\/\/noticiastelered.com\/PortalDNoticias\/wp-json\/wp\/v2\/media\/27172"}],"wp:attachment":[{"href":"http:\/\/noticiastelered.com\/PortalDNoticias\/wp-json\/wp\/v2\/media?parent=27170"}],"wp:term":[{"taxonomy":"category","embeddable":true,"href":"http:\/\/noticiastelered.com\/PortalDNoticias\/wp-json\/wp\/v2\/categories?post=27170"},{"taxonomy":"post_tag","embeddable":true,"href":"http:\/\/noticiastelered.com\/PortalDNoticias\/wp-json\/wp\/v2\/tags?post=27170"}],"curies":[{"name":"wp","href":"https:\/\/api.w.org\/{rel}","templated":true}]}}