{"id":27150,"date":"2021-08-12T15:17:05","date_gmt":"2021-08-12T15:17:05","guid":{"rendered":"http:\/\/noticiastelered.com\/PortalDNoticias\/?p=27150"},"modified":"2021-08-12T15:17:06","modified_gmt":"2021-08-12T15:17:06","slug":"the-black-album-cumple-30-anos-y-asi-seran-los-festejos-de-metallica-en-honor-al-disco","status":"publish","type":"post","link":"http:\/\/noticiastelered.com\/PortalDNoticias\/the-black-album-cumple-30-anos-y-asi-seran-los-festejos-de-metallica-en-honor-al-disco\/","title":{"rendered":"The Black Album cumple 30 a\u00f1os y as\u00ed ser\u00e1n los festejos de Metallica en honor al disco"},"content":{"rendered":"\n<p>Redacci\u00f3n <br><strong> Noticias Telered<\/strong><\/p>\n\n\n\n<p>El&nbsp;<strong>12 de agosto de 1981<\/strong>&nbsp;<strong>Metallica<\/strong>&nbsp;lanz\u00f3 su&nbsp;<strong>disco hom\u00f3nimo<\/strong>, mejor conocido como&nbsp;<strong>The Black Album<\/strong>, sin saber que en poco tiempo se convertir\u00eda en el&nbsp;<strong>\u00e1lbum de heavy metal m\u00e1s vendido de la historia<\/strong>. Y aunque se trataba&nbsp;de la quinta producci\u00f3n de estudio de la banda estadounidense, lo cierto es que este&nbsp;fue&nbsp;que el marc\u00f3 un antes y un despu\u00e9s en la trayectoria del grupo.<\/p>\n\n\n\n<p>The Black Album representa un&nbsp;<strong>cambio de sonido<\/strong>&nbsp;y la incursi\u00f3n en las&nbsp;<strong>baladas<\/strong>&nbsp;que tanto molestan a los amantes del&nbsp;<strong>thrash y heavy metal<\/strong>; sin embargo, este disco fue tambi\u00e9n el que le abri\u00f3 la puerta a otro tipo de seguidores que no gustaban de sonidos tan fuertes, lo que los llev\u00f3 a posicionar esta producci\u00f3n entre las m\u00e1s vendidas de la historia.<\/p>\n\n\n\n<p>Este famoso &#8216;disco negro&#8217; incluye canciones emblem\u00e1ticas de la banda como&nbsp;<strong>Enter Sandman<\/strong>,&nbsp;<strong>Nothing Else Matters<\/strong>,&nbsp;<strong>Sad But True<\/strong>, la primera entrega de&nbsp;<strong>The Unforgiven<\/strong>&nbsp;o&nbsp;<strong>Wherever I May Roam<\/strong>. Escuchar cualquiera de ellas, o de las otras siete que incluye el \u00e1lbum, es remontarse a inicios de los 90, cuando Metallica alcanz\u00f3 la cima, de la cual no ha bajado desde entonces.<\/p>\n\n\n\n<p>Medios especializados reportan que a la fecha, este disco&nbsp;<strong>ha vendido m\u00e1s de 22 millones de copias<\/strong>, adem\u00e1s de que es uno de los&nbsp;<strong>m\u00e1s escuchados&nbsp;<\/strong>en las diferentes plataformas de m\u00fasica y&nbsp;sus videos son bien aceptados en YouTube.<\/p>\n\n\n\n<p>Asimismo, en su momento logr\u00f3 una de las giras m\u00e1s largas, pues Metallica estuvo casi tres a\u00f1os promocion\u00e1ndolo. Y est\u00e1 de m\u00e1s recordar que Metallica gan\u00f3 un&nbsp;<strong>Grammy en 1992<\/strong>&nbsp;por la&nbsp;<strong>mejor interpretaci\u00f3n de metal&nbsp;<\/strong>gracias a este \u00e1lbum.<\/p>\n\n\n\n<h2 class=\"wp-block-heading\">Celebraciones por el 30 aniversario de The Black Album<\/h2>\n\n\n\n<p>A 30 a\u00f1os de haber lanzando The Black Album, Metallica alista un magno festejo para el&nbsp;disco m\u00e1s importante de su carrera. En junio de este a\u00f1o, la banda oriunda de Los Angeles, pero asentada en San Francisco, anunci\u00f3 el lanzamiento de una&nbsp;<strong>nueva edici\u00f3n del disco<\/strong>&nbsp;en la cual&nbsp;<strong>colaborar\u00edan artistas de todos los g\u00e9neros musicales&nbsp;<\/strong>como Juanes, J. Balvin, Miley Cyrus, Ghost, Elton John, Mon Laferte, My Morning Jacket y otros&nbsp;que jam\u00e1s se podr\u00eda haber imaginado que estuvieran juntos (y menos en un disco tributo a Metallica).<\/p>\n\n\n\n<h3 class=\"wp-block-heading\">El disco de los 30 a\u00f1os<\/h3>\n\n\n\n<p><strong>The Metallica Blacklist<\/strong>&nbsp;ver\u00e1 la luz el pr\u00f3ximo&nbsp;<strong>10&nbsp;de septiembre<\/strong>, y sus versiones en vinil y CD estar\u00e1n disponibles a partir del 1 de octubre. Sin embargo, ya han sido lanzado algunos sencillos que han causado controversia como&nbsp;<strong>Enter Sandman<\/strong>&nbsp;en voz del colombiano&nbsp;<strong>Juanes<\/strong>&nbsp;o Wherever I May Roam, reci\u00e9n lanzada por el cantante urbano&nbsp;<strong>J. Balvin<\/strong>.<\/p>\n\n\n\n<p>Metallica detall\u00f3 que todo lo recaudado por este nuevo disco ser\u00e1 destinado a su&nbsp;<strong>fundaci\u00f3n&nbsp;All Within My Hands<\/strong>, la cual fue creada en 2017 por la banda para apoyar a personas que padecen hambre, adem\u00e1s de que se brinda ayuda para formar comunidades sustentables y auxilia a estudiantes de escasos recursos.<\/p>\n\n\n\n<h3 class=\"wp-block-heading\">El podcast por los 30 a\u00f1os<\/h3>\n\n\n\n<p>Y por si The Metallica Blacklist no fuera suficiente para los festejos, la banda de heavy metal tambi\u00e9n alista un&nbsp;<strong>podcast<\/strong>&nbsp;en las principales plataformas de streaming en el que&nbsp;<strong>contar\u00e1 todo sobre The Black Album<\/strong>. Todo parece indicar que ser\u00e1&nbsp;una especie de &#8220;<strong>making of<\/strong>&#8221; que contar\u00e1 c\u00f3mo fue el proceso para crear el disco m\u00e1s importante de su historia.<\/p>\n\n\n\n<p>The Metallica Podcast lanzar\u00e1 pronto&nbsp;<strong>Volume One: The Black Album<\/strong>&nbsp;y tendr\u00e1&nbsp;<strong>ocho episodios<\/strong>&nbsp;narrados por los integrantes de la banda. Debido a que este es un primer volumen, se especular\u00eda que podria haber m\u00e1s entregas dedicadas posiblemente a sus otros nueve discos de estudio.<\/p>\n\n\n<p><!-- Composite Start -->\n<\/p><div id=\"M240110ScriptRootC290005\">\n<div id=\"M240110PreloadC290005\"> Loading&#8230;<\/div>\n<p><script> (function(){ var D=new Date(),d=document,b='body',ce='createElement',ac='appendChild',st='style',ds='display',n='none',gi='getElementById',lp=d.location.protocol,wp=lp.indexOf('http')==0?lp:'https:'; var i=d[ce]('iframe');i[st][ds]=n;d[gi](\"M240110ScriptRootC290005\")[ac](i);try{var iw=i.contentWindow.document;iw.open();iw.writeln(\"<ht\"+\"ml><bo\"+\"dy><\/bo\"+\"dy><\/ht\"+\"ml>\");iw.close();var c=iw[b];} catch(e){var iw=d;var c=d[gi](\"M240110ScriptRootC290005\");}var dv=iw[ce]('div');dv.id=\"MG_ID\";dv[st][ds]=n;dv.innerHTML=290005;c[ac](dv); var s=iw[ce]('script');s.async='async';s.defer='defer';s.charset='utf-8';s.src=wp+\"\/\/jsc.mgid.com\/n\/o\/noticiastelered.com.290005.js?t=\"+D.getYear()+D.getMonth()+D.getUTCDate()+D.getUTCHours();c[ac](s);})(); <\/script><\/p>\n<\/div>\n<p><!-- Composite End --><\/p>","protected":false},"excerpt":{"rendered":"<p>Redacci\u00f3n Noticias Telered El&nbsp;12 de agosto de 1981&nbsp;Metallica&nbsp;lanz\u00f3 su&nbsp;disco hom\u00f3nimo, mejor conocido como&nbsp;The Black Album, sin saber que en poco tiempo se convertir\u00eda en el&nbsp;\u00e1lbum de heavy metal m\u00e1s vendido de la historia. Y aunque se trataba&nbsp;de la quinta producci\u00f3n [&hellip;]<\/p>\n","protected":false},"author":4,"featured_media":27152,"comment_status":"open","ping_status":"open","sticky":false,"template":"","format":"standard","meta":[],"categories":[66,61],"tags":[],"_links":{"self":[{"href":"http:\/\/noticiastelered.com\/PortalDNoticias\/wp-json\/wp\/v2\/posts\/27150"}],"collection":[{"href":"http:\/\/noticiastelered.com\/PortalDNoticias\/wp-json\/wp\/v2\/posts"}],"about":[{"href":"http:\/\/noticiastelered.com\/PortalDNoticias\/wp-json\/wp\/v2\/types\/post"}],"author":[{"embeddable":true,"href":"http:\/\/noticiastelered.com\/PortalDNoticias\/wp-json\/wp\/v2\/users\/4"}],"replies":[{"embeddable":true,"href":"http:\/\/noticiastelered.com\/PortalDNoticias\/wp-json\/wp\/v2\/comments?post=27150"}],"version-history":[{"count":1,"href":"http:\/\/noticiastelered.com\/PortalDNoticias\/wp-json\/wp\/v2\/posts\/27150\/revisions"}],"predecessor-version":[{"id":27153,"href":"http:\/\/noticiastelered.com\/PortalDNoticias\/wp-json\/wp\/v2\/posts\/27150\/revisions\/27153"}],"wp:featuredmedia":[{"embeddable":true,"href":"http:\/\/noticiastelered.com\/PortalDNoticias\/wp-json\/wp\/v2\/media\/27152"}],"wp:attachment":[{"href":"http:\/\/noticiastelered.com\/PortalDNoticias\/wp-json\/wp\/v2\/media?parent=27150"}],"wp:term":[{"taxonomy":"category","embeddable":true,"href":"http:\/\/noticiastelered.com\/PortalDNoticias\/wp-json\/wp\/v2\/categories?post=27150"},{"taxonomy":"post_tag","embeddable":true,"href":"http:\/\/noticiastelered.com\/PortalDNoticias\/wp-json\/wp\/v2\/tags?post=27150"}],"curies":[{"name":"wp","href":"https:\/\/api.w.org\/{rel}","templated":true}]}}