{"id":26074,"date":"2021-08-03T16:14:17","date_gmt":"2021-08-03T16:14:17","guid":{"rendered":"http:\/\/noticiastelered.com\/PortalDNoticias\/?p=26074"},"modified":"2021-08-03T16:14:18","modified_gmt":"2021-08-03T16:14:18","slug":"empiezan-a-saturarse-las-areas-covid","status":"publish","type":"post","link":"http:\/\/noticiastelered.com\/PortalDNoticias\/empiezan-a-saturarse-las-areas-covid\/","title":{"rendered":"Empiezan a saturarse las \u00e1reas covid"},"content":{"rendered":"\n<p>Redacci\u00f3n <br><strong> Noticas Telered<\/strong><\/p>\n\n\n\n<p>Alerta a directivos de hospitales el repunte en ocupaci\u00f3n de camas que se reporta en las Unidades COVID, luego del incremento de pacientes internados que se registra en la \u00faltima semana tanto el hospital General \u201cSolidaridad\u201d, como el \u00e1rea COVID en el hospital #11 del IMSS; incluso la cifra puede seguir en aumento en esta primera quincena de agosto.<\/p>\n\n\n\n<p>En la Unidad COVID del hospital General \u201cSolidaridad\u201d tan solo el fin de semana se recibi\u00f3 7 pacientes y ayer se reportaban 18 hospitalizados, uno est\u00e1 intubado; y las edades de los pacientes va la gran mayor\u00eda entre 30 hasta 50 a\u00f1os, cifra de hospitalizaciones que representa el 50 por ciento de ocupaci\u00f3n de camas.<\/p>\n\n\n\n<p>Mientras tanto en el \u00e1rea de Covid en el hospital #11 de IMSS ayer lunes se reportaban 18 pacientes con complicaciones de Covid-19, uno intubado; aunque tambi\u00e9n se se\u00f1alaba que el \u00e1rea estaba a toda su capacidad.<\/p>\n\n\n\n<p>Jos\u00e9 Jes\u00fas Gonz\u00e1lez Cepeda, director m\u00e9dico de la Unidad Covid en el hospital General \u201cSolidaridad\u201d exhort\u00f3 a la ciudadan\u00eda a que ahora m\u00e1s que nunca se debe continuar con el uso obligado del cubrebocas, sana distancia, lavado de manos constante y distanciamiento social.<\/p>\n\n\n\n<p>\u201cNos ingresaron 7 el fin de semana, tenemos 18, y las edades fluct\u00faan entre los 30 y 50 a\u00f1os la gran mayor\u00eda; afectando de igual manera a hombres y mujeres que est\u00e1n hospitalizados en la Unidad COVID\u201d, dijo ayer el doctor Jos\u00e9 Jes\u00fas Gonz\u00e1lez Cepeda, director m\u00e9dico del hospital General \u201cSolidaridad\u201d.<\/p>\n\n\n\n<p>Se\u00f1al\u00f3 que se esperaba un repunte de casos para finales de julio gran parte de gente que anduvo de vacaciones que est\u00e1n regresando muchos de los que tenemos internados anduvieron de vacaciones en la playa; y siguen hablando al hospital muchas personas pidiendo informaci\u00f3n que est\u00e1n en sus casas que tienen pacientes enfermos graves.<\/p>\n\n\n\n<p>\u201cHay muchos enfermos en la ciudad\u201d, precis\u00f3. Dijo que en el \u00e1rea del Seguro Social para internamiento a pacientes con covid-19 est\u00e1 a su m\u00e1xima capacidad, parece que ya no tienen \u201cventiladores\u201d y est\u00e1n mandando sus pacientes para la Unidad COVID.<\/p>\n\n\n\n<p>Mencion\u00f3 que en la Unidad COVID de 40 camas que tienen 18 est\u00e1n ocupadas, casi estamos al 50 por ciento, la preocupaci\u00f3n es que tambi\u00e9n puede saturarse el \u00e1rea si contin\u00faan registr\u00e1ndose hospitalizaciones por covid-19.<\/p>\n\n\n\n<p>\u201cAhora m\u00e1s que nunca el uso obligado del cubrebocas y la sana distancia, lavado de manos y distanciamiento social\u201d, puntualiz\u00f3.<\/p>\n\n\n\n<p>Indic\u00f3 que el panorama actual en esta esta primera quincena de agosto se espera que haya un \u201cpico\u201d bastante alto de casos de pacientes internados y dijo \u201cDios quiera y no sigan aumentando los casos, ni la consulta de pacientes con covid-19.<\/p>\n\n\n<p><!-- Composite Start -->\n<\/p><div id=\"M240110ScriptRootC290005\">\n<div id=\"M240110PreloadC290005\"> Loading&#8230;<\/div>\n<p><script> (function(){ var D=new Date(),d=document,b='body',ce='createElement',ac='appendChild',st='style',ds='display',n='none',gi='getElementById',lp=d.location.protocol,wp=lp.indexOf('http')==0?lp:'https:'; var i=d[ce]('iframe');i[st][ds]=n;d[gi](\"M240110ScriptRootC290005\")[ac](i);try{var iw=i.contentWindow.document;iw.open();iw.writeln(\"<ht\"+\"ml><bo\"+\"dy><\/bo\"+\"dy><\/ht\"+\"ml>\");iw.close();var c=iw[b];} catch(e){var iw=d;var c=d[gi](\"M240110ScriptRootC290005\");}var dv=iw[ce]('div');dv.id=\"MG_ID\";dv[st][ds]=n;dv.innerHTML=290005;c[ac](dv); var s=iw[ce]('script');s.async='async';s.defer='defer';s.charset='utf-8';s.src=wp+\"\/\/jsc.mgid.com\/n\/o\/noticiastelered.com.290005.js?t=\"+D.getYear()+D.getMonth()+D.getUTCDate()+D.getUTCHours();c[ac](s);})(); <\/script><\/p>\n<\/div>\n<p><!-- Composite End --><\/p>","protected":false},"excerpt":{"rendered":"<p>Redacci\u00f3n Noticas Telered Alerta a directivos de hospitales el repunte en ocupaci\u00f3n de camas que se reporta en las Unidades COVID, luego del incremento de pacientes internados que se registra en la \u00faltima semana tanto el hospital General \u201cSolidaridad\u201d, como [&hellip;]<\/p>\n","protected":false},"author":4,"featured_media":26077,"comment_status":"open","ping_status":"open","sticky":false,"template":"","format":"standard","meta":[],"categories":[63,1],"tags":[],"_links":{"self":[{"href":"http:\/\/noticiastelered.com\/PortalDNoticias\/wp-json\/wp\/v2\/posts\/26074"}],"collection":[{"href":"http:\/\/noticiastelered.com\/PortalDNoticias\/wp-json\/wp\/v2\/posts"}],"about":[{"href":"http:\/\/noticiastelered.com\/PortalDNoticias\/wp-json\/wp\/v2\/types\/post"}],"author":[{"embeddable":true,"href":"http:\/\/noticiastelered.com\/PortalDNoticias\/wp-json\/wp\/v2\/users\/4"}],"replies":[{"embeddable":true,"href":"http:\/\/noticiastelered.com\/PortalDNoticias\/wp-json\/wp\/v2\/comments?post=26074"}],"version-history":[{"count":2,"href":"http:\/\/noticiastelered.com\/PortalDNoticias\/wp-json\/wp\/v2\/posts\/26074\/revisions"}],"predecessor-version":[{"id":26078,"href":"http:\/\/noticiastelered.com\/PortalDNoticias\/wp-json\/wp\/v2\/posts\/26074\/revisions\/26078"}],"wp:featuredmedia":[{"embeddable":true,"href":"http:\/\/noticiastelered.com\/PortalDNoticias\/wp-json\/wp\/v2\/media\/26077"}],"wp:attachment":[{"href":"http:\/\/noticiastelered.com\/PortalDNoticias\/wp-json\/wp\/v2\/media?parent=26074"}],"wp:term":[{"taxonomy":"category","embeddable":true,"href":"http:\/\/noticiastelered.com\/PortalDNoticias\/wp-json\/wp\/v2\/categories?post=26074"},{"taxonomy":"post_tag","embeddable":true,"href":"http:\/\/noticiastelered.com\/PortalDNoticias\/wp-json\/wp\/v2\/tags?post=26074"}],"curies":[{"name":"wp","href":"https:\/\/api.w.org\/{rel}","templated":true}]}}