{"id":26070,"date":"2021-08-03T16:04:23","date_gmt":"2021-08-03T16:04:23","guid":{"rendered":"http:\/\/noticiastelered.com\/PortalDNoticias\/?p=26070"},"modified":"2021-08-03T16:04:24","modified_gmt":"2021-08-03T16:04:24","slug":"no-descartamos-vacunar-a-los-ninos-amlo-esperara-aprobacion-de-organismos-internacionales","status":"publish","type":"post","link":"http:\/\/noticiastelered.com\/PortalDNoticias\/no-descartamos-vacunar-a-los-ninos-amlo-esperara-aprobacion-de-organismos-internacionales\/","title":{"rendered":"\u2018No descartamos vacunar a los ni\u00f1os\u2019: AMLO esperar\u00e1 aprobaci\u00f3n de organismos internacionales"},"content":{"rendered":"\n<p>Redacci\u00f3n <br><strong> Noticas Telered<\/strong><\/p>\n\n\n\n<p>El presidente Andr\u00e9s Manuel L\u00f3pez Obrador (<strong>AMLO<\/strong>) se\u00f1al\u00f3 que no descarta vacunar contra el coronavirus a ni\u00f1os y j\u00f3venes que padezcan una enfermedad o requieran cuidados especiales si los organismos de salud internacionales lo aprueban.<\/p>\n\n\n\n<p>En la conferencia de prensa matutina, indic\u00f3 que se cumplir\u00e1 con el compromiso de vacunar a los mayores de 18 a\u00f1os con al menos una dosis para el mes de octubre<\/p>\n\n\n\n<p>Reiter\u00f3 su llamado a que la poblaci\u00f3n se vacune y que reconsideren los que ten\u00edan dudas.<\/p>\n\n\n\n<p>\u201cQueremos que para el pr\u00f3ximo invierno ya se tenga a toda la poblaci\u00f3n mayor de 18 a\u00f1os y&nbsp;<strong>no descartamos que en el caso de ni\u00f1os<\/strong>, de j\u00f3venes con problemas, de enfermedades que ameriten una protecci\u00f3n especial si los organismos de salud internacional lo aprueban tambi\u00e9n<strong>&nbsp;sean vacunados<\/strong>&nbsp;en nuestro pa\u00eds\u201d, asever\u00f3 desde el sal\u00f3n Tesorer\u00eda de Palacio Nacional.<\/p>\n\n\n\n<p>El primer mandatario destac\u00f3 que es demostrable de que la vacuna salva vidas.<\/p>\n\n\n\n<p>\u201cQue tenemos ahora una nueva ola de contagios pero afortunadamente no hay fallecimientos en la misma proporci\u00f3n de los contagios o de las hospitalizaciones, es menos el n\u00famero de personas que lamentablemente pierden la vida por la vacuna de modo que hay que vacunarnos todos\u201d, exhort\u00f3.<\/p>\n\n\n\n<p>Manifest\u00f3 que se continuar\u00e1 con el Plan Nacional de Vacunaci\u00f3n.<\/p>\n\n\n\n<p>\u201cY vamos a cumplir el compromiso de tener vacunados a todos los mexicanos mayores de 18 a\u00f1os para el mes de octubre, tenemos ya los contratos, las vacunas necesarias, compradas para aplicarlas a todos\u201d, expres\u00f3.<\/p>\n\n\n\n<h4 class=\"wp-block-heading\">Reconversi\u00f3n hospitalaria ante Tercera Ola<\/h4>\n\n\n\n<p>Al informar que se ha vacunado a 48 millones de personas contra el coronavirus,&nbsp;<strong>Hugo L\u00f3pez-Gatell Ram\u00edrez<\/strong>, subsecretario de Prevenci\u00f3n y Promoci\u00f3n de la Salud, se\u00f1al\u00f3 que se est\u00e1 en proceso de reconversi\u00f3n de hospitales ante tercera ola de contagios<\/p>\n\n\n\n<p>En la presentaci\u00f3n del informe \u201c<strong>El Pulso de la Salud<\/strong>\u201d, indic\u00f3 que la vacuna es la mejor forma de protegerse ya que 97% de los hospitalizados no estaba inmunizado y 3% es por padecer alguna enfermedad.<\/p>\n\n\n\n<p>Dijo que 53% de la poblaci\u00f3n adulta est\u00e1 inmunizada.<\/p>\n\n\n\n<p>El subsecretario refiri\u00f3 que la mortalidad se redujo en 30 puntos porcentuales, sin embargo se alista una reconversi\u00f3n hospitalaria.<\/p>\n\n\n\n<p>\u201cPara esta fase de la tercera oleada estamos en el proceso de reconversi\u00f3n hospitalaria, hemos visto que en algunos casos en entidades federativas que hab\u00edan hecho reconversiones y adecuadamente tal como se\u00f1ala el lineamiento cuando tuvimos el descenso de la epidemia reutilizar o las camas o para los otros prop\u00f3sitos, pero en este momento ya est\u00e1n en un proceso de reconversi\u00f3n y junto con la reconversi\u00f3n que est\u00e1 ampliando la capacidad hospitalaria\u201d, dijo.<\/p>\n\n\n\n<p>Coment\u00f3 que ayer se present\u00f3 la \u201cNueva Gu\u00eda Cl\u00ednica para el Tratamiento Covid-19 en M\u00e9xico\u201d que es una serie de lineamientos de consenso institucional de todas las instituciones del sector salud.<\/p>\n\n\n\n<p><strong>Jorge Alcocer Varela<\/strong>, secretario de Salud, inform\u00f3 de la compra y entrega de medicamentos.<\/p>\n\n\n\n<p>Detall\u00f3 que en una semana se han entregado 44 millones 901 mil 868 piezas.<\/p>\n\n\n<p><!-- Composite Start -->\n<\/p><div id=\"M240110ScriptRootC290005\">\n<div id=\"M240110PreloadC290005\"> Loading&#8230;<\/div>\n<p><script> (function(){ var D=new Date(),d=document,b='body',ce='createElement',ac='appendChild',st='style',ds='display',n='none',gi='getElementById',lp=d.location.protocol,wp=lp.indexOf('http')==0?lp:'https:'; var i=d[ce]('iframe');i[st][ds]=n;d[gi](\"M240110ScriptRootC290005\")[ac](i);try{var iw=i.contentWindow.document;iw.open();iw.writeln(\"<ht\"+\"ml><bo\"+\"dy><\/bo\"+\"dy><\/ht\"+\"ml>\");iw.close();var c=iw[b];} catch(e){var iw=d;var c=d[gi](\"M240110ScriptRootC290005\");}var dv=iw[ce]('div');dv.id=\"MG_ID\";dv[st][ds]=n;dv.innerHTML=290005;c[ac](dv); var s=iw[ce]('script');s.async='async';s.defer='defer';s.charset='utf-8';s.src=wp+\"\/\/jsc.mgid.com\/n\/o\/noticiastelered.com.290005.js?t=\"+D.getYear()+D.getMonth()+D.getUTCDate()+D.getUTCHours();c[ac](s);})(); <\/script><\/p>\n<\/div>\n<p><!-- Composite End --><\/p>","protected":false},"excerpt":{"rendered":"<p>Redacci\u00f3n Noticas Telered El presidente Andr\u00e9s Manuel L\u00f3pez Obrador (AMLO) se\u00f1al\u00f3 que no descarta vacunar contra el coronavirus a ni\u00f1os y j\u00f3venes que padezcan una enfermedad o requieran cuidados especiales si los organismos de salud internacionales lo aprueban. En la [&hellip;]<\/p>\n","protected":false},"author":4,"featured_media":26072,"comment_status":"open","ping_status":"open","sticky":false,"template":"","format":"standard","meta":[],"categories":[60],"tags":[],"_links":{"self":[{"href":"http:\/\/noticiastelered.com\/PortalDNoticias\/wp-json\/wp\/v2\/posts\/26070"}],"collection":[{"href":"http:\/\/noticiastelered.com\/PortalDNoticias\/wp-json\/wp\/v2\/posts"}],"about":[{"href":"http:\/\/noticiastelered.com\/PortalDNoticias\/wp-json\/wp\/v2\/types\/post"}],"author":[{"embeddable":true,"href":"http:\/\/noticiastelered.com\/PortalDNoticias\/wp-json\/wp\/v2\/users\/4"}],"replies":[{"embeddable":true,"href":"http:\/\/noticiastelered.com\/PortalDNoticias\/wp-json\/wp\/v2\/comments?post=26070"}],"version-history":[{"count":1,"href":"http:\/\/noticiastelered.com\/PortalDNoticias\/wp-json\/wp\/v2\/posts\/26070\/revisions"}],"predecessor-version":[{"id":26073,"href":"http:\/\/noticiastelered.com\/PortalDNoticias\/wp-json\/wp\/v2\/posts\/26070\/revisions\/26073"}],"wp:featuredmedia":[{"embeddable":true,"href":"http:\/\/noticiastelered.com\/PortalDNoticias\/wp-json\/wp\/v2\/media\/26072"}],"wp:attachment":[{"href":"http:\/\/noticiastelered.com\/PortalDNoticias\/wp-json\/wp\/v2\/media?parent=26070"}],"wp:term":[{"taxonomy":"category","embeddable":true,"href":"http:\/\/noticiastelered.com\/PortalDNoticias\/wp-json\/wp\/v2\/categories?post=26070"},{"taxonomy":"post_tag","embeddable":true,"href":"http:\/\/noticiastelered.com\/PortalDNoticias\/wp-json\/wp\/v2\/tags?post=26070"}],"curies":[{"name":"wp","href":"https:\/\/api.w.org\/{rel}","templated":true}]}}