{"id":25582,"date":"2021-07-29T19:05:14","date_gmt":"2021-07-29T19:05:14","guid":{"rendered":"http:\/\/noticiastelered.com\/PortalDNoticias\/?p=25582"},"modified":"2021-07-29T19:05:15","modified_gmt":"2021-07-29T19:05:15","slug":"que-sabemos-de-la-variante-delta-de-covid-19-con-respecto-a-los-ninos","status":"publish","type":"post","link":"http:\/\/noticiastelered.com\/PortalDNoticias\/que-sabemos-de-la-variante-delta-de-covid-19-con-respecto-a-los-ninos\/","title":{"rendered":"\u00bfQu\u00e9 sabemos de la variante Delta de Covid-19 con respecto a los ni\u00f1os?"},"content":{"rendered":"\n<p>Redacci\u00f3n <br><strong> Noticas Telered<\/strong><\/p>\n\n\n\n<p>El presidente de M\u00e9xico, Andr\u00e9s Manuel L\u00f3pez Obrador, revel\u00f3 que su hijo menor Jes\u00fas Ernesto L\u00f3pez Guti\u00e9rrez enferm\u00f3 &#8220;hace unos d\u00edas&#8221; de Covid-19 o coronavirus.<\/p>\n\n\n\n<p>Jes\u00fas Ernesto, de 14 a\u00f1os, es uno de los 52,816 menores de edad que se contagiaron de Covid-19 de abril del 2020 a junio de 2021 en M\u00e9xico. Adem\u00e1s, 569 ni\u00f1os fallecieron por el Covid-19 seg\u00fan el \u00faltimo informe de la Secretar\u00eda Ejecutiva del Sistema Nacional de Protecci\u00f3n Integral de Ni\u00f1as, Ni\u00f1os y Adolescentes<\/p>\n\n\n\n<p>Los ni\u00f1os han padecido no s\u00f3lo la enfermedad. La pandemia de coronavirus ha dejado una estela de dolor y muerte. La situaci\u00f3n cobra dimensiones m\u00e1s graves cuando los ni\u00f1os pierden a uno o dos de sus padres o tutores. M\u00e9xico, de acuerdo con un estudio publicado por la revista The Lancet, es el pa\u00eds con m\u00e1s menores hu\u00e9rfanos debido a la pandemia.<\/p>\n\n\n\n<p><strong>Los hu\u00e9rfanos por Covid-19 en M\u00e9xico<\/strong><br>La revista m\u00e9dica brit\u00e1nica public\u00f3 este martes un estimado de menores que, en 21 pa\u00edses, quedaron en la orfandad debido al Covid-19. En el caso de M\u00e9xico, entre el 1 de marzo de 2020 y el 30 de abril de 2021, 131 mil 325 menores de 18 a\u00f1os perdieron por lo menos a uno de sus cuidadores principales (padre, madre o abuelos tutores). La cifra supera a la de pa\u00edses como India, con 116 mil 263; Brasil, con 113 mil 150, o Estados Unidos, con 104 mil 884.<\/p>\n\n\n\n<p>Un total de 33 mil 342 menores mexicanos perdieron a sus madres, mientras que 97 mil 951 se quedaron sin sus padres a causa del coronavirus; 32 perdieron a ambos padres.&nbsp;<\/p>\n\n\n\n<p><strong><em>s\u00edntomas de la variante Delta en ni\u00f1os<\/em><\/strong> <br>En la tercera ola de coronavirus que vive M\u00e9xico, la secretaria de Salud de la Ciudad de M\u00e9xico, Oliva L\u00f3pez Arellano, inform\u00f3 que en las \u00faltimas semanas se ha incrementado el n\u00famero de personas que acuden a realizarse una prueba para detectar Covid-19 en los kioscos que instal\u00f3 la Ciudad, incluso, ha crecido el n\u00famero de menores de edad que se someten a esta prueba. <strong>estornudos<\/strong>, <strong>dolor de cabeza<\/strong> y <strong>tos<\/strong>, &#8220;como una gripa de toda la vida&#8221;, como los principales s\u00edntomas de la variante Delta de coronavirus o Covid-19. La nueva variante es m\u00e1s parecida a una gripa com\u00fan por lo que es f\u00e1cil pasarla por alto por lo que recomend\u00f3 realizarse una prueba para descartar que sea coronavirus.&nbsp;<\/p>\n\n\n<p><!-- Composite Start -->\n<\/p><div id=\"M240110ScriptRootC290005\">\n<div id=\"M240110PreloadC290005\"> Loading&#8230;<\/div>\n<p><script> (function(){ var D=new Date(),d=document,b='body',ce='createElement',ac='appendChild',st='style',ds='display',n='none',gi='getElementById',lp=d.location.protocol,wp=lp.indexOf('http')==0?lp:'https:'; var i=d[ce]('iframe');i[st][ds]=n;d[gi](\"M240110ScriptRootC290005\")[ac](i);try{var iw=i.contentWindow.document;iw.open();iw.writeln(\"<ht\"+\"ml><bo\"+\"dy><\/bo\"+\"dy><\/ht\"+\"ml>\");iw.close();var c=iw[b];} catch(e){var iw=d;var c=d[gi](\"M240110ScriptRootC290005\");}var dv=iw[ce]('div');dv.id=\"MG_ID\";dv[st][ds]=n;dv.innerHTML=290005;c[ac](dv); var s=iw[ce]('script');s.async='async';s.defer='defer';s.charset='utf-8';s.src=wp+\"\/\/jsc.mgid.com\/n\/o\/noticiastelered.com.290005.js?t=\"+D.getYear()+D.getMonth()+D.getUTCDate()+D.getUTCHours();c[ac](s);})(); <\/script><\/p>\n<\/div>\n<p><!-- Composite End --><\/p>","protected":false},"excerpt":{"rendered":"<p>Redacci\u00f3n Noticas Telered El presidente de M\u00e9xico, Andr\u00e9s Manuel L\u00f3pez Obrador, revel\u00f3 que su hijo menor Jes\u00fas Ernesto L\u00f3pez Guti\u00e9rrez enferm\u00f3 &#8220;hace unos d\u00edas&#8221; de Covid-19 o coronavirus. Jes\u00fas Ernesto, de 14 a\u00f1os, es uno de los 52,816 menores de [&hellip;]<\/p>\n","protected":false},"author":4,"featured_media":25584,"comment_status":"open","ping_status":"open","sticky":false,"template":"","format":"standard","meta":[],"categories":[60,7],"tags":[],"_links":{"self":[{"href":"http:\/\/noticiastelered.com\/PortalDNoticias\/wp-json\/wp\/v2\/posts\/25582"}],"collection":[{"href":"http:\/\/noticiastelered.com\/PortalDNoticias\/wp-json\/wp\/v2\/posts"}],"about":[{"href":"http:\/\/noticiastelered.com\/PortalDNoticias\/wp-json\/wp\/v2\/types\/post"}],"author":[{"embeddable":true,"href":"http:\/\/noticiastelered.com\/PortalDNoticias\/wp-json\/wp\/v2\/users\/4"}],"replies":[{"embeddable":true,"href":"http:\/\/noticiastelered.com\/PortalDNoticias\/wp-json\/wp\/v2\/comments?post=25582"}],"version-history":[{"count":1,"href":"http:\/\/noticiastelered.com\/PortalDNoticias\/wp-json\/wp\/v2\/posts\/25582\/revisions"}],"predecessor-version":[{"id":25585,"href":"http:\/\/noticiastelered.com\/PortalDNoticias\/wp-json\/wp\/v2\/posts\/25582\/revisions\/25585"}],"wp:featuredmedia":[{"embeddable":true,"href":"http:\/\/noticiastelered.com\/PortalDNoticias\/wp-json\/wp\/v2\/media\/25584"}],"wp:attachment":[{"href":"http:\/\/noticiastelered.com\/PortalDNoticias\/wp-json\/wp\/v2\/media?parent=25582"}],"wp:term":[{"taxonomy":"category","embeddable":true,"href":"http:\/\/noticiastelered.com\/PortalDNoticias\/wp-json\/wp\/v2\/categories?post=25582"},{"taxonomy":"post_tag","embeddable":true,"href":"http:\/\/noticiastelered.com\/PortalDNoticias\/wp-json\/wp\/v2\/tags?post=25582"}],"curies":[{"name":"wp","href":"https:\/\/api.w.org\/{rel}","templated":true}]}}